{"id":8311,"date":"2022-06-14T13:33:37","date_gmt":"2022-06-14T16:33:37","guid":{"rendered":"https:\/\/blogs.correiobraziliense.com.br\/capital-sa\/?p=8311"},"modified":"2022-09-08T23:04:12","modified_gmt":"2022-09-09T02:04:12","slug":"parte-do-comercio-no-df-vai-abrir-no-feriado-de-corpus-christi","status":"publish","type":"post","link":"https:\/\/blogs.correiobraziliense.com.br\/capital-sa\/2022\/06\/14\/parte-do-comercio-no-df-vai-abrir-no-feriado-de-corpus-christi\/","title":{"rendered":"Parte do com\u00e9rcio no DF vai abrir no feriado de Corpus Christi"},"content":{"rendered":"<p>Por Samanta Sallum<\/p>\n<p class=\"p1\">O com\u00e9rcio de rua e de shoppings do Distrito Federal est\u00e1 autorizado a funcionar no feriado de Corpus Christi, no pr\u00f3ximo dia 16, quinta-feira. A informa\u00e7\u00e3o \u00e9 do Sindicato do Com\u00e9rcio Varejista.<\/p>\n<p>As lojas dos shoppings v\u00e3o abrir normalmente, das 10h \u00e0s 22h. A estimativa do Sindivarejista \u00e9 que apenas 12% das lojas de entrequadras do Plano Piloto abram no feriado, a exemplo de outros anteriores. E geralmente em hor\u00e1rios reduzidos.<\/p>\n<p>Nas regi\u00f5es administrativas, o \u00edndice sobe para 30%. As lojas da rua que mais abrem s\u00e3o de confec\u00e7\u00f5es e cal\u00e7ados.<\/p>\n<p>Para o presidente do Sindivarejista, Sebasti\u00e3o Abritta, a abertura do com\u00e9rcio amanh\u00e3 \u00a0\u201cmovimentar\u00e1 a economia, permitindo que consumidores possam ir \u00e0s lojas com mais tempo do que em um dia \u00fatil, quando a grande maioria trabalha\u201d.<\/p>\n<p>O presidente da C\u00e2mara de Dirigentes Lojistas do DF, Wagner Silveira, refor\u00e7a que o com\u00e9rcio precisa aproveitar todos os feriados ainda para compensar as perdas causadas no per\u00edodo de lockdown. \u201cCada dia para n\u00f3s com o com\u00e9rcio aberto \u00e9 muito importante para faturar e gerar emprego\u201d, diz.<\/p>\n<p>Para o empregado de lojas trabalhar na data, dever\u00e1 ser observada a Conven\u00e7\u00e3o Coletiva de Trabalho firmada com o Sindicato dos Empregados no Com\u00e9rcio.<\/p>\n<p class=\"p1\"><span class=\"s1\">O Sindivarejista alerta os empres\u00e1rios do varejo que pretendem abrir suas lojas no dia 16 que eles dever\u00e3o obter o Certificado de Abertura aos domingos e feriados, evitando multas.<\/span><\/p>\n","protected":false},"excerpt":{"rendered":"<p>Por Samanta Sallum O com\u00e9rcio de rua e de shoppings do Distrito Federal est\u00e1 autorizado a funcionar no feriado de Corpus Christi, no pr\u00f3ximo dia 16, quinta-feira. A informa\u00e7\u00e3o \u00e9 do Sindicato do Com\u00e9rcio Varejista. As lojas dos shoppings v\u00e3o abrir normalmente, das 10h \u00e0s 22h. A estimativa do Sindivarejista \u00e9 que apenas 12% das lojas de entrequadras do Plano [&hellip;]<\/p>\n","protected":false},"author":125,"featured_media":8322,"comment_status":"open","ping_status":"open","sticky":false,"template":"","format":"standard","meta":{"footnotes":""},"categories":[6],"tags":[1146,276,977,1145,10],"class_list":["post-8311","post","type-post","status-publish","format-standard","has-post-thumbnail","hentry","category-coluna-capital-s-a","tag-corpuschristi","tag-economia","tag-feriado","tag-lojas","tag-comercio"],"_links":{"self":[{"href":"https:\/\/blogs.correiobraziliense.com.br\/capital-sa\/wp-json\/wp\/v2\/posts\/8311","targetHints":{"allow":["GET"]}}],"collection":[{"href":"https:\/\/blogs.correiobraziliense.com.br\/capital-sa\/wp-json\/wp\/v2\/posts"}],"about":[{"href":"https:\/\/blogs.correiobraziliense.com.br\/capital-sa\/wp-json\/wp\/v2\/types\/post"}],"author":[{"embeddable":true,"href":"https:\/\/blogs.correiobraziliense.com.br\/capital-sa\/wp-json\/wp\/v2\/users\/125"}],"replies":[{"embeddable":true,"href":"https:\/\/blogs.correiobraziliense.com.br\/capital-sa\/wp-json\/wp\/v2\/comments?post=8311"}],"version-history":[{"count":13,"href":"https:\/\/blogs.correiobraziliense.com.br\/capital-sa\/wp-json\/wp\/v2\/posts\/8311\/revisions"}],"predecessor-version":[{"id":8328,"href":"https:\/\/blogs.correiobraziliense.com.br\/capital-sa\/wp-json\/wp\/v2\/posts\/8311\/revisions\/8328"}],"wp:featuredmedia":[{"embeddable":true,"href":"https:\/\/blogs.correiobraziliense.com.br\/capital-sa\/wp-json\/wp\/v2\/media\/8322"}],"wp:attachment":[{"href":"https:\/\/blogs.correiobraziliense.com.br\/capital-sa\/wp-json\/wp\/v2\/media?parent=8311"}],"wp:term":[{"taxonomy":"category","embeddable":true,"href":"https:\/\/blogs.correiobraziliense.com.br\/capital-sa\/wp-json\/wp\/v2\/categories?post=8311"},{"taxonomy":"post_tag","embeddable":true,"href":"https:\/\/blogs.correiobraziliense.com.br\/capital-sa\/wp-json\/wp\/v2\/tags?post=8311"}],"curies":[{"name":"wp","href":"https:\/\/api.w.org\/{rel}","templated":true}]}}