{"id":8303,"date":"2022-06-14T10:29:04","date_gmt":"2022-06-14T13:29:04","guid":{"rendered":"https:\/\/blogs.correiobraziliense.com.br\/capital-sa\/?p=8303"},"modified":"2022-06-14T15:40:07","modified_gmt":"2022-06-14T18:40:07","slug":"projeto-de-lei-cria-estatuto-nacional-de-simplificacao-tributaria","status":"publish","type":"post","link":"https:\/\/blogs.correiobraziliense.com.br\/capital-sa\/2022\/06\/14\/projeto-de-lei-cria-estatuto-nacional-de-simplificacao-tributaria\/","title":{"rendered":"Projeto de lei cria Estatuto Nacional de Simplifica\u00e7\u00e3o Tribut\u00e1ria"},"content":{"rendered":"<p class=\"p1\">Por Samanta Sallum<\/p>\n<p class=\"p1\"><span class=\"s1\">O PLP 178\/2021, de autoria do deputado Efraim Filho (Uni\u00e3o Brasil\/PB), est\u00e1 sob a relatoria da deputada Paula Belmonte (Cidadania\/DF), na Comiss\u00e3o de Finan\u00e7as e Tributa\u00e7\u00e3o (CFT) da C\u00e2mara dos Deputados. A proposta aguarda a aprova\u00e7\u00e3o do requerimento de Urg\u00eancia para que seja levada diretamente ao Plen\u00e1rio da C\u00e2mara. O texto cria o Estatuto Nacional de Simplifica\u00e7\u00e3o de Obriga\u00e7\u00f5es Tribut\u00e1rias Acess\u00f3rias. <\/span><\/p>\n<p class=\"p1\"><span class=\"s1\"><b>Nota Fiscal Brasil Eletr\u00f4nica <\/b><\/span><\/p>\n<p class=\"p1\"><span class=\"s1\">O objetivo \u00e9 diminuir os custos de cumprimento das obriga\u00e7\u00f5es tribut\u00e1rias, al\u00e9m de incentivar a padroniza\u00e7\u00e3o de legisla\u00e7\u00f5es no \u00e2mbito da Uni\u00e3o, dos Estados, do Distrito Federal e dos Munic\u00edpios. O Estatuto prev\u00ea a cria\u00e7\u00e3o da Nota Fiscal Brasil Eletr\u00f4nica e do Registro Cadastral Unificado (RCU).<\/span><\/p>\n<p class=\"p1\"><span class=\"s1\"><b>Comit\u00ea <\/b><\/span><\/p>\n<p class=\"p1\"><span class=\"s2\">As a\u00e7\u00f5es ser\u00e3o geridas pelo Comit\u00ea Nacional de Simplifica\u00e7\u00e3o de Obriga\u00e7\u00f5es Tribut\u00e1rias Acess\u00f3rias (CNSOA), vinculado ao Minist\u00e9rio da Economia com representantes dos secret\u00e1rios da Fazenda, dos munic\u00edpios por meio de entidades representativas e do setor produtivo.<\/span><\/p>\n<p class=\"p1\"><span class=\"s1\"><b>Apoio <\/b><\/span><\/p>\n<p class=\"p1\"><span class=\"s1\">Com o procedimento unificado para a emiss\u00e3o de Nota Fiscal, ser\u00e1 facilitado o trabalho dos \u00f3rg\u00e3os fiscalizadores. O projeto vem recebendo grande apoio da Frente Parlamentar de Com\u00e9rcio e Servi\u00e7os. E j\u00e1 est\u00e1 alinhado com o governo federal<span class=\"Apple-converted-space\">\u00a0 <\/span>e com o pr\u00f3prio setor produtivo nacional.<\/span><\/p>\n<p>\u201cO PLP 178\/2021 \u00e9 muito importante para os empres\u00e1rios, pois reduz custos, moderniza os sistemas, padroniza a legisla\u00e7\u00e3o, combate a sonega\u00e7\u00e3o fiscal e proporciona seguran\u00e7a jur\u00eddica e melhoria do ambiente de neg\u00f3cios. Um dos caminhos para o crescimento econ\u00f4mico \u00e9 justamente fortalecer o setor produtivo e apoiar quem gera emprego\u201d, explicou Paula Belmonte.<\/p>\n<p>&nbsp;<\/p>\n","protected":false},"excerpt":{"rendered":"<p>Por Samanta Sallum O PLP 178\/2021, de autoria do deputado Efraim Filho (Uni\u00e3o Brasil\/PB), est\u00e1 sob a relatoria da deputada Paula Belmonte (Cidadania\/DF), na Comiss\u00e3o de Finan\u00e7as e Tributa\u00e7\u00e3o (CFT) da C\u00e2mara dos Deputados. A proposta aguarda a aprova\u00e7\u00e3o do requerimento de Urg\u00eancia para que seja levada diretamente ao Plen\u00e1rio da C\u00e2mara. O texto cria o Estatuto Nacional de Simplifica\u00e7\u00e3o [&hellip;]<\/p>\n","protected":false},"author":125,"featured_media":8306,"comment_status":"open","ping_status":"open","sticky":false,"template":"","format":"standard","meta":{"footnotes":""},"categories":[6],"tags":[1153,1151,1127,1150,1152],"class_list":["post-8303","post","type-post","status-publish","format-standard","has-post-thumbnail","hentry","category-coluna-capital-s-a","tag-cnsoa","tag-notasfiscais","tag-paulabelmonte","tag-plp-178-2021","tag-rcu"],"_links":{"self":[{"href":"https:\/\/blogs.correiobraziliense.com.br\/capital-sa\/wp-json\/wp\/v2\/posts\/8303","targetHints":{"allow":["GET"]}}],"collection":[{"href":"https:\/\/blogs.correiobraziliense.com.br\/capital-sa\/wp-json\/wp\/v2\/posts"}],"about":[{"href":"https:\/\/blogs.correiobraziliense.com.br\/capital-sa\/wp-json\/wp\/v2\/types\/post"}],"author":[{"embeddable":true,"href":"https:\/\/blogs.correiobraziliense.com.br\/capital-sa\/wp-json\/wp\/v2\/users\/125"}],"replies":[{"embeddable":true,"href":"https:\/\/blogs.correiobraziliense.com.br\/capital-sa\/wp-json\/wp\/v2\/comments?post=8303"}],"version-history":[{"count":6,"href":"https:\/\/blogs.correiobraziliense.com.br\/capital-sa\/wp-json\/wp\/v2\/posts\/8303\/revisions"}],"predecessor-version":[{"id":8331,"href":"https:\/\/blogs.correiobraziliense.com.br\/capital-sa\/wp-json\/wp\/v2\/posts\/8303\/revisions\/8331"}],"wp:featuredmedia":[{"embeddable":true,"href":"https:\/\/blogs.correiobraziliense.com.br\/capital-sa\/wp-json\/wp\/v2\/media\/8306"}],"wp:attachment":[{"href":"https:\/\/blogs.correiobraziliense.com.br\/capital-sa\/wp-json\/wp\/v2\/media?parent=8303"}],"wp:term":[{"taxonomy":"category","embeddable":true,"href":"https:\/\/blogs.correiobraziliense.com.br\/capital-sa\/wp-json\/wp\/v2\/categories?post=8303"},{"taxonomy":"post_tag","embeddable":true,"href":"https:\/\/blogs.correiobraziliense.com.br\/capital-sa\/wp-json\/wp\/v2\/tags?post=8303"}],"curies":[{"name":"wp","href":"https:\/\/api.w.org\/{rel}","templated":true}]}}