{"id":8273,"date":"2022-06-09T21:37:26","date_gmt":"2022-06-10T00:37:26","guid":{"rendered":"https:\/\/blogs.correiobraziliense.com.br\/capital-sa\/?p=8273"},"modified":"2022-06-13T11:56:33","modified_gmt":"2022-06-13T14:56:33","slug":"w3-sul-abre-para-festao-junino-do-final-de-semana","status":"publish","type":"post","link":"https:\/\/blogs.correiobraziliense.com.br\/capital-sa\/2022\/06\/09\/w3-sul-abre-para-festao-junino-do-final-de-semana\/","title":{"rendered":"W3 Sul abre para fest\u00e3o junino no final de semana"},"content":{"rendered":"<p class=\"p1\"><span class=\"s1\">Por Samanta Sallum\u00a0<\/span><\/p>\n<p class=\"p1\"><span class=\"s1\">A folia de S\u00e3o Jo\u00e3o aquece a W3 Sul na <\/span><span class=\"s2\">Estralada: A Festa Junina<\/span><span class=\"s1\">, que vai unir os trechos entre o <\/span><span class=\"s2\">Sesc<\/span><span class=\"s1\"> (504 Sul) e o <\/span><span class=\"s2\">Infinu<\/span><span class=\"s1\"> (506 Sul). Uma das mais tradicionais avenidas de Bras\u00edlia estar\u00e1<span class=\"Apple-converted-space\">\u00a0<\/span>aberta ao p\u00fablico para atividades simult\u00e2neas no pr\u00f3ximo final de semana, das 14h \u00e0s 23h.<\/span><\/p>\n<p class=\"p1\"><span class=\"s1\"><b>Feito em Bsb<\/b><\/span><\/p>\n<p class=\"p1\"><span class=\"s1\">A celebra\u00e7\u00e3o segue o conceito \u201cfeito em BsB\u201d, trazendo comidas e bebidas t\u00edpicas, atividades para\u00a0crian\u00e7as, quadrilha, churrascada e touro mec\u00e2nico. Pela avenida, v\u00e3o passar cortejos\u00a0musicais e art\u00edsticos. Entre as atra\u00e7\u00f5es,\u00a0<\/span><span class=\"s1\">o grupo feminino de forr\u00f3 as Ful\u00f4 do Cerrado. <\/span><\/p>\n","protected":false},"excerpt":{"rendered":"<p>Por Samanta Sallum\u00a0 A folia de S\u00e3o Jo\u00e3o aquece a W3 Sul na Estralada: A Festa Junina, que vai unir os trechos entre o Sesc (504 Sul) e o Infinu (506 Sul). Uma das mais tradicionais avenidas de Bras\u00edlia estar\u00e1\u00a0aberta ao p\u00fablico para atividades simult\u00e2neas no pr\u00f3ximo final de semana, das 14h \u00e0s 23h. Feito em Bsb A celebra\u00e7\u00e3o segue [&hellip;]<\/p>\n","protected":false},"author":125,"featured_media":8278,"comment_status":"open","ping_status":"open","sticky":false,"template":"","format":"standard","meta":{"footnotes":""},"categories":[6],"tags":[1143,961,1141,1142,1144,62],"class_list":["post-8273","post","type-post","status-publish","format-standard","has-post-thumbnail","hentry","category-coluna-capital-s-a","tag-festajunina","tag-infinu","tag-saojoao","tag-w3sul","tag-e","tag-sesc"],"_links":{"self":[{"href":"https:\/\/blogs.correiobraziliense.com.br\/capital-sa\/wp-json\/wp\/v2\/posts\/8273","targetHints":{"allow":["GET"]}}],"collection":[{"href":"https:\/\/blogs.correiobraziliense.com.br\/capital-sa\/wp-json\/wp\/v2\/posts"}],"about":[{"href":"https:\/\/blogs.correiobraziliense.com.br\/capital-sa\/wp-json\/wp\/v2\/types\/post"}],"author":[{"embeddable":true,"href":"https:\/\/blogs.correiobraziliense.com.br\/capital-sa\/wp-json\/wp\/v2\/users\/125"}],"replies":[{"embeddable":true,"href":"https:\/\/blogs.correiobraziliense.com.br\/capital-sa\/wp-json\/wp\/v2\/comments?post=8273"}],"version-history":[{"count":5,"href":"https:\/\/blogs.correiobraziliense.com.br\/capital-sa\/wp-json\/wp\/v2\/posts\/8273\/revisions"}],"predecessor-version":[{"id":8302,"href":"https:\/\/blogs.correiobraziliense.com.br\/capital-sa\/wp-json\/wp\/v2\/posts\/8273\/revisions\/8302"}],"wp:featuredmedia":[{"embeddable":true,"href":"https:\/\/blogs.correiobraziliense.com.br\/capital-sa\/wp-json\/wp\/v2\/media\/8278"}],"wp:attachment":[{"href":"https:\/\/blogs.correiobraziliense.com.br\/capital-sa\/wp-json\/wp\/v2\/media?parent=8273"}],"wp:term":[{"taxonomy":"category","embeddable":true,"href":"https:\/\/blogs.correiobraziliense.com.br\/capital-sa\/wp-json\/wp\/v2\/categories?post=8273"},{"taxonomy":"post_tag","embeddable":true,"href":"https:\/\/blogs.correiobraziliense.com.br\/capital-sa\/wp-json\/wp\/v2\/tags?post=8273"}],"curies":[{"name":"wp","href":"https:\/\/api.w.org\/{rel}","templated":true}]}}