{"id":8236,"date":"2022-06-08T10:10:11","date_gmt":"2022-06-08T13:10:11","guid":{"rendered":"https:\/\/blogs.correiobraziliense.com.br\/capital-sa\/?p=8236"},"modified":"2022-06-09T08:39:44","modified_gmt":"2022-06-09T11:39:44","slug":"paula-belmonte-representa-df-no-painel-politico-da-abad-e-recebe-apoio-do-presidente-da-entidade","status":"publish","type":"post","link":"https:\/\/blogs.correiobraziliense.com.br\/capital-sa\/2022\/06\/08\/paula-belmonte-representa-df-no-painel-politico-da-abad-e-recebe-apoio-do-presidente-da-entidade\/","title":{"rendered":"Paula Belmonte representa DF no painel pol\u00edtico da Abad e recebe apoio do presidente da entidade"},"content":{"rendered":"<p><span class=\"s1\">Por Samanta Sallum <\/span><\/p>\n<p class=\"p1\"><span class=\"s1\">A deputada Paula Belmonte (Cidadania\/DF) ganhou um cabo eleitoral de peso: o presidente da Associa\u00e7\u00e3o Brasileira dos Atacadistas e Distribuidores (Abad), Leonardo Miguel Severini.\u00a0<\/span><span class=\"s1\">Ela esteve entre os convidados especiais da conven\u00e7\u00e3o anual da entidade em S\u00e3o Paulo, como painelista.<br \/>\n<\/span><\/p>\n<p class=\"p1\"><span class=\"s1\">Severini, que \u00e9 de Minas Gerais, elogiou a atua\u00e7\u00e3o da parlamentar e at\u00e9 pediu votos para ela. \u201c\u00c9 importante que o Distrito Federal d\u00ea mais um mandato para que ela possa continuar o importante trabalho que realiza na defesa do empreendedorismo como gerador de empregos\u201d, destacou. Paula agradeceu e refor\u00e7ou que vai concorrer ao Senado.<\/span><\/p>\n","protected":false},"excerpt":{"rendered":"<p>Por Samanta Sallum A deputada Paula Belmonte (Cidadania\/DF) ganhou um cabo eleitoral de peso: o presidente da Associa\u00e7\u00e3o Brasileira dos Atacadistas e Distribuidores (Abad), Leonardo Miguel Severini.\u00a0Ela esteve entre os convidados especiais da conven\u00e7\u00e3o anual da entidade em S\u00e3o Paulo, como painelista. Severini, que \u00e9 de Minas Gerais, elogiou a atua\u00e7\u00e3o da parlamentar e at\u00e9 pediu votos para ela. \u201c\u00c9 [&hellip;]<\/p>\n","protected":false},"author":125,"featured_media":8243,"comment_status":"open","ping_status":"open","sticky":false,"template":"","format":"standard","meta":{"footnotes":""},"categories":[6],"tags":[562,726,1128,1127],"class_list":["post-8236","post","type-post","status-publish","format-standard","has-post-thumbnail","hentry","category-coluna-capital-s-a","tag-abad","tag-eleicoes","tag-leonardomiguelseverini","tag-paulabelmonte"],"_links":{"self":[{"href":"https:\/\/blogs.correiobraziliense.com.br\/capital-sa\/wp-json\/wp\/v2\/posts\/8236","targetHints":{"allow":["GET"]}}],"collection":[{"href":"https:\/\/blogs.correiobraziliense.com.br\/capital-sa\/wp-json\/wp\/v2\/posts"}],"about":[{"href":"https:\/\/blogs.correiobraziliense.com.br\/capital-sa\/wp-json\/wp\/v2\/types\/post"}],"author":[{"embeddable":true,"href":"https:\/\/blogs.correiobraziliense.com.br\/capital-sa\/wp-json\/wp\/v2\/users\/125"}],"replies":[{"embeddable":true,"href":"https:\/\/blogs.correiobraziliense.com.br\/capital-sa\/wp-json\/wp\/v2\/comments?post=8236"}],"version-history":[{"count":9,"href":"https:\/\/blogs.correiobraziliense.com.br\/capital-sa\/wp-json\/wp\/v2\/posts\/8236\/revisions"}],"predecessor-version":[{"id":8262,"href":"https:\/\/blogs.correiobraziliense.com.br\/capital-sa\/wp-json\/wp\/v2\/posts\/8236\/revisions\/8262"}],"wp:featuredmedia":[{"embeddable":true,"href":"https:\/\/blogs.correiobraziliense.com.br\/capital-sa\/wp-json\/wp\/v2\/media\/8243"}],"wp:attachment":[{"href":"https:\/\/blogs.correiobraziliense.com.br\/capital-sa\/wp-json\/wp\/v2\/media?parent=8236"}],"wp:term":[{"taxonomy":"category","embeddable":true,"href":"https:\/\/blogs.correiobraziliense.com.br\/capital-sa\/wp-json\/wp\/v2\/categories?post=8236"},{"taxonomy":"post_tag","embeddable":true,"href":"https:\/\/blogs.correiobraziliense.com.br\/capital-sa\/wp-json\/wp\/v2\/tags?post=8236"}],"curies":[{"name":"wp","href":"https:\/\/api.w.org\/{rel}","templated":true}]}}