{"id":823,"date":"2020-12-01T08:26:02","date_gmt":"2020-12-01T11:26:02","guid":{"rendered":"https:\/\/blogs.correiobraziliense.com.br\/capital-sa\/?p=823"},"modified":"2020-12-01T10:38:43","modified_gmt":"2020-12-01T13:38:43","slug":"empresarios-cobram-mais-fiscalizacao-e-testagem-contra-a-segunda-onda","status":"publish","type":"post","link":"https:\/\/blogs.correiobraziliense.com.br\/capital-sa\/2020\/12\/01\/empresarios-cobram-mais-fiscalizacao-e-testagem-contra-a-segunda-onda\/","title":{"rendered":"Empres\u00e1rios cobram mais fiscaliza\u00e7\u00e3o e testagem contra a segunda onda"},"content":{"rendered":"<p>Representantes do com\u00e9rcio cobram do Governo do Distrito Federal medidas mais efetivas para evitar o aumento da contamina\u00e7\u00e3o por Covid-19. Diversos sindicatos do setor se re\u00fanem hoje com o secret\u00e1rio de Sa\u00fade, Osnei Okumoto, para definir um plano de a\u00e7\u00e3o que evite uma segunda onda na capital.<\/p>\n<p>Os empres\u00e1rios est\u00e3o dispostos a realizar uma campanha de conscientiza\u00e7\u00e3o para que as pessoas reforcem o uso das m\u00e1scaras e do \u00e1lcool em gel. E tamb\u00e9m com os donos dos estabelecimentos\u00a0comerciais, para que n\u00e3o afrouxem o cumprimento das regras.<\/p>\n<h3><\/h3>\n<h3>Falha do GDF<\/h3>\n<p>A Fecom\u00e9rcio-DF , no entanto, aponta que houve falha do governo local em n\u00e3o fiscalizar e em deixar tamb\u00e9m de realizar a testagem na popula\u00e7\u00e3o para monitorar as regi\u00f5es mais vulner\u00e1veis.<\/p>\n<p>O esfor\u00e7o conjunto agora \u00e9 para evitar um lockdown \u00e0s v\u00e9speras de Natal. Isso significaria a fal\u00eancia de muitas empresas que agora tentam se recuperar dos preju\u00edzos causados pelos quatro meses de fechamento.<\/p>\n<h3>Casas noturnas<\/h3>\n<blockquote><p>\u201c\u00c9 preciso que o GDF fa\u00e7a a parte dele. Intensificar a fiscaliza\u00e7\u00e3o com a popula\u00e7\u00e3o e sobre os estabelecimentos, como casas noturnas, que est\u00e3o funcionando indevidamente. E tamb\u00e9m retomar a testagem em massa, que foi interrompida desde que ocorreram as mudan\u00e7as na Secretaria de Sa\u00fade\u201d, afirma <strong>Francisco Maia<\/strong>, presidente da Fecom\u00e9rcio-DF.<\/p>\n<p>&nbsp;<\/p><\/blockquote>\n<h3>Bares e restaurantes<\/h3>\n<p>\u201cBares e restaurantes est\u00e3o cumprindo o protocolo. O setor tem a consci\u00eancia da responsabilidade, em primeiro lugar, de garantir a sa\u00fade de nossos clientes\u201d, ressalta Jael Ant\u00f4nio da Silva, presidente do Sindhobar.<\/p>\n<p>Os empres\u00e1rios apontam que a popula\u00e7\u00e3o est\u00e1 se descuidando especialmente em shoppings e feiras livres.<\/p>\n","protected":false},"excerpt":{"rendered":"<p>Representantes do com\u00e9rcio cobram do Governo do Distrito Federal medidas mais efetivas para evitar o aumento da contamina\u00e7\u00e3o por Covid-19. Diversos sindicatos do setor se re\u00fanem hoje com o secret\u00e1rio de Sa\u00fade, Osnei Okumoto, para definir um plano de a\u00e7\u00e3o que evite uma segunda onda na capital. Os empres\u00e1rios est\u00e3o dispostos a realizar uma campanha de conscientiza\u00e7\u00e3o para que as [&hellip;]<\/p>\n","protected":false},"author":125,"featured_media":833,"comment_status":"open","ping_status":"open","sticky":false,"template":"","format":"standard","meta":{"footnotes":""},"categories":[6],"tags":[201,202,203,204,205,207,206,5],"class_list":["post-823","post","type-post","status-publish","format-standard","has-post-thumbnail","hentry","category-coluna-capital-s-a","tag-covid19","tag-fiscalizacao","tag-gdf","tag-lockdown","tag-secretariadesaude","tag-segundaonda","tag-sindhobar","tag-pandemia"],"_links":{"self":[{"href":"https:\/\/blogs.correiobraziliense.com.br\/capital-sa\/wp-json\/wp\/v2\/posts\/823","targetHints":{"allow":["GET"]}}],"collection":[{"href":"https:\/\/blogs.correiobraziliense.com.br\/capital-sa\/wp-json\/wp\/v2\/posts"}],"about":[{"href":"https:\/\/blogs.correiobraziliense.com.br\/capital-sa\/wp-json\/wp\/v2\/types\/post"}],"author":[{"embeddable":true,"href":"https:\/\/blogs.correiobraziliense.com.br\/capital-sa\/wp-json\/wp\/v2\/users\/125"}],"replies":[{"embeddable":true,"href":"https:\/\/blogs.correiobraziliense.com.br\/capital-sa\/wp-json\/wp\/v2\/comments?post=823"}],"version-history":[{"count":2,"href":"https:\/\/blogs.correiobraziliense.com.br\/capital-sa\/wp-json\/wp\/v2\/posts\/823\/revisions"}],"predecessor-version":[{"id":825,"href":"https:\/\/blogs.correiobraziliense.com.br\/capital-sa\/wp-json\/wp\/v2\/posts\/823\/revisions\/825"}],"wp:featuredmedia":[{"embeddable":true,"href":"https:\/\/blogs.correiobraziliense.com.br\/capital-sa\/wp-json\/wp\/v2\/media\/833"}],"wp:attachment":[{"href":"https:\/\/blogs.correiobraziliense.com.br\/capital-sa\/wp-json\/wp\/v2\/media?parent=823"}],"wp:term":[{"taxonomy":"category","embeddable":true,"href":"https:\/\/blogs.correiobraziliense.com.br\/capital-sa\/wp-json\/wp\/v2\/categories?post=823"},{"taxonomy":"post_tag","embeddable":true,"href":"https:\/\/blogs.correiobraziliense.com.br\/capital-sa\/wp-json\/wp\/v2\/tags?post=823"}],"curies":[{"name":"wp","href":"https:\/\/api.w.org\/{rel}","templated":true}]}}