{"id":8224,"date":"2022-06-07T16:12:45","date_gmt":"2022-06-07T19:12:45","guid":{"rendered":"https:\/\/blogs.correiobraziliense.com.br\/capital-sa\/?p=8224"},"modified":"2022-06-07T17:22:45","modified_gmt":"2022-06-07T20:22:45","slug":"df-perdera-r-18-bi-ano-com-reducao-de-icms-de-combustiveis","status":"publish","type":"post","link":"https:\/\/blogs.correiobraziliense.com.br\/capital-sa\/2022\/06\/07\/df-perdera-r-18-bi-ano-com-reducao-de-icms-de-combustiveis\/","title":{"rendered":"DF perder\u00e1 R$ 1,8 bi\/ano com redu\u00e7\u00e3o de ICMS de combust\u00edveis"},"content":{"rendered":"<p class=\"p2\">Por Samanta Sallum<\/p>\n<p class=\"p2\"><span class=\"s2\">Para o Distrito Federal, a proposta de Jair Bolsonaro de compensar os estados que zerarem impostos do diesel e do g\u00e1s ter\u00e1 pouco impacto. Nos c\u00e1lculos dos t\u00e9cnicos da \u00e1rea econ\u00f4mica, o preju\u00edzo de R$ 1,8 bi ao or\u00e7amento local seria amortizado em apenas R$ 100 milh\u00f5es.<\/span><\/p>\n<p>A perda representa quase 20% do \u00a0total arrecadado, por ano, no DF com ICMS. O cofres da capital federal recolhem cerca de R$ 9 bilh\u00f5es com o imposto.<\/p>\n<p class=\"p2\"><span class=\"s2\">Um grupo de governadores vai ao Senado hoje, \u00e0s 19h, se reunir com o presidente de Casa, Rodrigo Pacheco. Na pauta, o PLP 18\/2022, que define teto de 17% para al\u00edquota de ICMS dos combust\u00edveis. Os estados alegam que a medida provocar\u00e1 rombo em seus or\u00e7amentos.<\/span><\/p>\n<p class=\"p2\"><span class=\"s2\">O governador Ibaneis Rocha ser\u00e1 representado pelo vice-governador, Paco Britto.<\/span><\/p>\n<p class=\"p2\"><span class=\"s2\">O governo federal e o Congresso acreditam que a aprova\u00e7\u00e3o do projeto vai reduzir o pre\u00e7o dos combust\u00edveis e, assim, ajudar a conter a infla\u00e7\u00e3o.<\/span><\/p>\n<p class=\"p2\"><span class=\"s2\">J\u00e1 os governadores pedem que a medida n\u00e3o entre em vigor de imediato, j\u00e1 que vai atingir o planejamento or\u00e7ament\u00e1rio do ano e impactar os servi\u00e7os p\u00fablicos \u00e0 popula\u00e7\u00e3o.<\/span><\/p>\n","protected":false},"excerpt":{"rendered":"<p>Por Samanta Sallum Para o Distrito Federal, a proposta de Jair Bolsonaro de compensar os estados que zerarem impostos do diesel e do g\u00e1s ter\u00e1 pouco impacto. Nos c\u00e1lculos dos t\u00e9cnicos da \u00e1rea econ\u00f4mica, o preju\u00edzo de R$ 1,8 bi ao or\u00e7amento local seria amortizado em apenas R$ 100 milh\u00f5es. A perda representa quase 20% do \u00a0total arrecadado, por ano, [&hellip;]<\/p>\n","protected":false},"author":125,"featured_media":8228,"comment_status":"open","ping_status":"open","sticky":false,"template":"","format":"standard","meta":{"footnotes":""},"categories":[6],"tags":[505,1126,368,1004,1125],"class_list":["post-8224","post","type-post","status-publish","format-standard","has-post-thumbnail","hentry","category-coluna-capital-s-a","tag-combustiveis","tag-ibaneisrofha","tag-imposto","tag-jairbolsonaro","tag-plp-18-2022"],"_links":{"self":[{"href":"https:\/\/blogs.correiobraziliense.com.br\/capital-sa\/wp-json\/wp\/v2\/posts\/8224","targetHints":{"allow":["GET"]}}],"collection":[{"href":"https:\/\/blogs.correiobraziliense.com.br\/capital-sa\/wp-json\/wp\/v2\/posts"}],"about":[{"href":"https:\/\/blogs.correiobraziliense.com.br\/capital-sa\/wp-json\/wp\/v2\/types\/post"}],"author":[{"embeddable":true,"href":"https:\/\/blogs.correiobraziliense.com.br\/capital-sa\/wp-json\/wp\/v2\/users\/125"}],"replies":[{"embeddable":true,"href":"https:\/\/blogs.correiobraziliense.com.br\/capital-sa\/wp-json\/wp\/v2\/comments?post=8224"}],"version-history":[{"count":7,"href":"https:\/\/blogs.correiobraziliense.com.br\/capital-sa\/wp-json\/wp\/v2\/posts\/8224\/revisions"}],"predecessor-version":[{"id":8235,"href":"https:\/\/blogs.correiobraziliense.com.br\/capital-sa\/wp-json\/wp\/v2\/posts\/8224\/revisions\/8235"}],"wp:featuredmedia":[{"embeddable":true,"href":"https:\/\/blogs.correiobraziliense.com.br\/capital-sa\/wp-json\/wp\/v2\/media\/8228"}],"wp:attachment":[{"href":"https:\/\/blogs.correiobraziliense.com.br\/capital-sa\/wp-json\/wp\/v2\/media?parent=8224"}],"wp:term":[{"taxonomy":"category","embeddable":true,"href":"https:\/\/blogs.correiobraziliense.com.br\/capital-sa\/wp-json\/wp\/v2\/categories?post=8224"},{"taxonomy":"post_tag","embeddable":true,"href":"https:\/\/blogs.correiobraziliense.com.br\/capital-sa\/wp-json\/wp\/v2\/tags?post=8224"}],"curies":[{"name":"wp","href":"https:\/\/api.w.org\/{rel}","templated":true}]}}