{"id":8201,"date":"2022-06-07T10:01:45","date_gmt":"2022-06-07T13:01:45","guid":{"rendered":"https:\/\/blogs.correiobraziliense.com.br\/capital-sa\/?p=8201"},"modified":"2022-06-07T11:57:45","modified_gmt":"2022-06-07T14:57:45","slug":"setor-atacadista-aposta-na-queda-do-desemprego-para-recuperar-perdas","status":"publish","type":"post","link":"https:\/\/blogs.correiobraziliense.com.br\/capital-sa\/2022\/06\/07\/setor-atacadista-aposta-na-queda-do-desemprego-para-recuperar-perdas\/","title":{"rendered":"Setor atacadista aposta na queda do desemprego para recuperar perdas"},"content":{"rendered":"<p class=\"p1\">Por Samanta Sallum<\/p>\n<p class=\"p1\"><span class=\"s1\">A alta infla\u00e7\u00e3o est\u00e1 provocando retra\u00e7\u00e3o no consumo das fam\u00edlias e isso se refletiu na queda do volume de vendas (8,5%) do setor atacadista no pa\u00eds. Apesar disso, o faturamento cresceu 2% devido ao repasse de 11% nos pre\u00e7os dos produtos, em consequ\u00eancia da infla\u00e7\u00e3o. Os dados fazem parte do comparativo do primeiro trimestre deste ano com o mesmo per\u00edodo de 2021.<br \/>\n<\/span><\/p>\n<p class=\"p1\"><span class=\"s1\">A perspectiva de retomar o crescimento de vendas est\u00e1 na promessa do governo federal \u00a0de queda da taxa de desemprego no Brasil, o que vai garantir renda a mais consumidores e, assim, poder de compra.<\/span><\/p>\n<blockquote><p>\u201cEstamos prevendo um crescimento em torno de 2% para o setor em 2022\u201d, apontou Leonardo Miguel Severini, presidente da\u00a0Associa\u00e7\u00e3o Brasileira de Atacadistas e Distribuidores (Abad).<\/p><\/blockquote>\n<p>O faturamento de 2021 chegou a R$ 308 bilh\u00f5es.<\/p>\n<p class=\"p1\"><span class=\"s1\"><b>Conven\u00e7\u00e3o anual <\/b><\/span><\/p>\n<p class=\"p1\"><span class=\"s1\">O balan\u00e7o foi divulgado ontem na Conven\u00e7\u00e3o Anual da Abad, que re\u00fane cerca de 350 empresas e mais de 600 pessoas em Atibaia, S\u00e3o Paulo.<span class=\"Apple-converted-space\">\u00a0<\/span>O segmento de alimenta\u00e7\u00e3o \u00e9 o de maior participa\u00e7\u00e3o no setor. E celebrou mais uma vez presen\u00e7a superior a 50%. <\/span><\/p>\n<p class=\"p1\"><span class=\"s1\"><b>Atacarejos em alta <\/b><\/span><\/p>\n<p class=\"p1\"><span class=\"s1\">O desempenho dos atacarejos \u00e9 um dos destaques. Apresentou crescimento de 15,9% em faturamento. Eles e as redes de farm\u00e1cias foram as \u00fanicas atividades que conseguiriam aumento de volume e faturamento no per\u00edodo.\u00a0A pesquisa foi realizada em parceria com a empresa de an\u00e1lises NielsenIQ<\/span><\/p>\n<p class=\"p1\"><span class=\"s1\"><b>Aux\u00edlio Brasil <\/b><\/span><\/p>\n<p class=\"p1\"><span class=\"s1\">O programa social do governo federal Aux\u00edlio Brasil foi apontado como medida importante para manter o consumo das fam\u00edlias de baixa renda.<\/span><\/p>\n<p class=\"p1\"><span class=\"s1\">\u201cEstamos prevendo um crescimento em torno de 2% para o setor em 2022\u201d, apontou o presidente da ABAD, Leonardo Miguel Severini. <\/span><\/p>\n<p class=\"p1\"><span class=\"s1\"><b>Comitiva brasiliense <\/b><\/span><\/p>\n<p class=\"p1\"><span class=\"s1\">Empres\u00e1rios do Distrito Federal participam do encontro, que come\u00e7ou ontem e se encerra amanh\u00e3. O presidente do SindiAtacadista, \u00c1lvaro Silveira Jr, e o vice-presidente da entidade regional, Lysipo Gomide, est\u00e3o entre os presentes.<\/span><\/p>\n","protected":false},"excerpt":{"rendered":"<p>Por Samanta Sallum A alta infla\u00e7\u00e3o est\u00e1 provocando retra\u00e7\u00e3o no consumo das fam\u00edlias e isso se refletiu na queda do volume de vendas (8,5%) do setor atacadista no pa\u00eds. Apesar disso, o faturamento cresceu 2% devido ao repasse de 11% nos pre\u00e7os dos produtos, em consequ\u00eancia da infla\u00e7\u00e3o. Os dados fazem parte do comparativo do primeiro trimestre deste ano com [&hellip;]<\/p>\n","protected":false},"author":125,"featured_media":8206,"comment_status":"open","ping_status":"open","sticky":false,"template":"","format":"standard","meta":{"footnotes":""},"categories":[6],"tags":[562,507,1120,770,1121,141,753],"class_list":["post-8201","post","type-post","status-publish","format-standard","has-post-thumbnail","hentry","category-coluna-capital-s-a","tag-abad","tag-atacarejos","tag-atibaia","tag-auxiliobrasil","tag-convencao","tag-evento","tag-farmacias"],"_links":{"self":[{"href":"https:\/\/blogs.correiobraziliense.com.br\/capital-sa\/wp-json\/wp\/v2\/posts\/8201","targetHints":{"allow":["GET"]}}],"collection":[{"href":"https:\/\/blogs.correiobraziliense.com.br\/capital-sa\/wp-json\/wp\/v2\/posts"}],"about":[{"href":"https:\/\/blogs.correiobraziliense.com.br\/capital-sa\/wp-json\/wp\/v2\/types\/post"}],"author":[{"embeddable":true,"href":"https:\/\/blogs.correiobraziliense.com.br\/capital-sa\/wp-json\/wp\/v2\/users\/125"}],"replies":[{"embeddable":true,"href":"https:\/\/blogs.correiobraziliense.com.br\/capital-sa\/wp-json\/wp\/v2\/comments?post=8201"}],"version-history":[{"count":14,"href":"https:\/\/blogs.correiobraziliense.com.br\/capital-sa\/wp-json\/wp\/v2\/posts\/8201\/revisions"}],"predecessor-version":[{"id":8217,"href":"https:\/\/blogs.correiobraziliense.com.br\/capital-sa\/wp-json\/wp\/v2\/posts\/8201\/revisions\/8217"}],"wp:featuredmedia":[{"embeddable":true,"href":"https:\/\/blogs.correiobraziliense.com.br\/capital-sa\/wp-json\/wp\/v2\/media\/8206"}],"wp:attachment":[{"href":"https:\/\/blogs.correiobraziliense.com.br\/capital-sa\/wp-json\/wp\/v2\/media?parent=8201"}],"wp:term":[{"taxonomy":"category","embeddable":true,"href":"https:\/\/blogs.correiobraziliense.com.br\/capital-sa\/wp-json\/wp\/v2\/categories?post=8201"},{"taxonomy":"post_tag","embeddable":true,"href":"https:\/\/blogs.correiobraziliense.com.br\/capital-sa\/wp-json\/wp\/v2\/tags?post=8201"}],"curies":[{"name":"wp","href":"https:\/\/api.w.org\/{rel}","templated":true}]}}