{"id":8149,"date":"2022-06-03T19:18:02","date_gmt":"2022-06-03T22:18:02","guid":{"rendered":"https:\/\/blogs.correiobraziliense.com.br\/capital-sa\/?p=8149"},"modified":"2022-06-06T17:44:17","modified_gmt":"2022-06-06T20:44:17","slug":"aberta-temporada-hidden-na-904-sul-com-musica-e-galeria-de-arte","status":"publish","type":"post","link":"https:\/\/blogs.correiobraziliense.com.br\/capital-sa\/2022\/06\/03\/aberta-temporada-hidden-na-904-sul-com-musica-e-galeria-de-arte\/","title":{"rendered":"Aberta temporada Hidden na 904 Sul com m\u00fasica e galeria de arte"},"content":{"rendered":"<p class=\"p1\">Por Samanta Sallum<\/p>\n<p class=\"p1\"><span class=\"s1\">Bras\u00edlia vai come\u00e7ar a descobrir, a partir deste final de semana, a 4\u00aa edi\u00e7\u00e3o do Hidden. Com o local mantido em segredo at\u00e9 ent\u00e3o, foi anunciado o endere\u00e7o da balada de inverno brasiliense: Espa\u00e7o da Eletronorte na 904 Sul (antiga sede da CEB). \u00a0A programa\u00e7\u00e3o foi aberta na quinta-feira.<br \/>\n<\/span><\/p>\n<p class=\"p1\"><span class=\"s1\">Com a \u00faltima edi\u00e7\u00e3o realizada em 2019, na Ilha do Parque da Cidade, o clima \u00e9 de retomada e de muitas novidades. &#8220;<\/span><span class=\"s2\">A ideia \u00e9 festejar muito essa possibilidade do reencontro, da balada de qualidade, do inusitado com uma energia superespecial e v\u00e1rias inova\u00e7\u00f5es&#8221;<\/span><span class=\"s1\">, conta a empres\u00e1ria Mari Braga.<\/span><\/p>\n<p class=\"p1\"><span class=\"s1\"><b>Galeria de arte<\/b><\/span><\/p>\n<p><img loading=\"lazy\" decoding=\"async\" class=\"aligncenter size-medium wp-image-8155\" src=\"https:\/\/blogs.correiobraziliense.com.br\/capital-sa\/wp-content\/uploads\/sites\/59\/2022\/06\/4907A8A3-134E-444C-B38E-B78BF1F33497-300x195.jpeg\" alt=\"\" width=\"300\" height=\"195\" srcset=\"https:\/\/blogs.correiobraziliense.com.br\/capital-sa\/wp-content\/uploads\/sites\/59\/2022\/06\/4907A8A3-134E-444C-B38E-B78BF1F33497-300x195.jpeg 300w, https:\/\/blogs.correiobraziliense.com.br\/capital-sa\/wp-content\/uploads\/sites\/59\/2022\/06\/4907A8A3-134E-444C-B38E-B78BF1F33497-550x358.jpeg 550w, https:\/\/blogs.correiobraziliense.com.br\/capital-sa\/wp-content\/uploads\/sites\/59\/2022\/06\/4907A8A3-134E-444C-B38E-B78BF1F33497-230x150.jpeg 230w, https:\/\/blogs.correiobraziliense.com.br\/capital-sa\/wp-content\/uploads\/sites\/59\/2022\/06\/4907A8A3-134E-444C-B38E-B78BF1F33497.jpeg 640w\" sizes=\"auto, (max-width: 300px) 100vw, 300px\" \/><\/p>\n<p class=\"p1\"><span class=\"s1\">M\u00fasica, gastronomia, d\u00e9cor e cultura fazem parte do &#8220;combo&#8221; oferecido pelo Hidden, que agora ter\u00e1 uma galeria de arte para receber obras de artistas brasilienses. O Coletivo Casa de Rua, formado por grafiteiros e fot\u00f3grafos de Bras\u00edlia, inaugura o espa\u00e7o.<\/span><\/p>\n<p class=\"p1\"><span class=\"s1\"> A programa\u00e7\u00e3o ser\u00e1 divulgada pelo Instagram do Hidden e vai at\u00e9 &#8220;o final do per\u00edodo da seca&#8221;.\u00a0<\/span><\/p>\n","protected":false},"excerpt":{"rendered":"<p>Por Samanta Sallum Bras\u00edlia vai come\u00e7ar a descobrir, a partir deste final de semana, a 4\u00aa edi\u00e7\u00e3o do Hidden. Com o local mantido em segredo at\u00e9 ent\u00e3o, foi anunciado o endere\u00e7o da balada de inverno brasiliense: Espa\u00e7o da Eletronorte na 904 Sul (antiga sede da CEB). \u00a0A programa\u00e7\u00e3o foi aberta na quinta-feira. Com a \u00faltima edi\u00e7\u00e3o realizada em 2019, na [&hellip;]<\/p>\n","protected":false},"author":125,"featured_media":8154,"comment_status":"open","ping_status":"open","sticky":false,"template":"","format":"standard","meta":{"footnotes":""},"categories":[6],"tags":[181,1114,124,1116,1113,1117,1115],"class_list":["post-8149","post","type-post","status-publish","format-standard","has-post-thumbnail","hentry","category-coluna-capital-s-a","tag-arte","tag-balada","tag-brasilia","tag-coletivocasaderua","tag-hidden","tag-instagram","tag-inverno"],"_links":{"self":[{"href":"https:\/\/blogs.correiobraziliense.com.br\/capital-sa\/wp-json\/wp\/v2\/posts\/8149","targetHints":{"allow":["GET"]}}],"collection":[{"href":"https:\/\/blogs.correiobraziliense.com.br\/capital-sa\/wp-json\/wp\/v2\/posts"}],"about":[{"href":"https:\/\/blogs.correiobraziliense.com.br\/capital-sa\/wp-json\/wp\/v2\/types\/post"}],"author":[{"embeddable":true,"href":"https:\/\/blogs.correiobraziliense.com.br\/capital-sa\/wp-json\/wp\/v2\/users\/125"}],"replies":[{"embeddable":true,"href":"https:\/\/blogs.correiobraziliense.com.br\/capital-sa\/wp-json\/wp\/v2\/comments?post=8149"}],"version-history":[{"count":8,"href":"https:\/\/blogs.correiobraziliense.com.br\/capital-sa\/wp-json\/wp\/v2\/posts\/8149\/revisions"}],"predecessor-version":[{"id":8197,"href":"https:\/\/blogs.correiobraziliense.com.br\/capital-sa\/wp-json\/wp\/v2\/posts\/8149\/revisions\/8197"}],"wp:featuredmedia":[{"embeddable":true,"href":"https:\/\/blogs.correiobraziliense.com.br\/capital-sa\/wp-json\/wp\/v2\/media\/8154"}],"wp:attachment":[{"href":"https:\/\/blogs.correiobraziliense.com.br\/capital-sa\/wp-json\/wp\/v2\/media?parent=8149"}],"wp:term":[{"taxonomy":"category","embeddable":true,"href":"https:\/\/blogs.correiobraziliense.com.br\/capital-sa\/wp-json\/wp\/v2\/categories?post=8149"},{"taxonomy":"post_tag","embeddable":true,"href":"https:\/\/blogs.correiobraziliense.com.br\/capital-sa\/wp-json\/wp\/v2\/tags?post=8149"}],"curies":[{"name":"wp","href":"https:\/\/api.w.org\/{rel}","templated":true}]}}