{"id":8123,"date":"2022-06-01T14:26:23","date_gmt":"2022-06-01T17:26:23","guid":{"rendered":"https:\/\/blogs.correiobraziliense.com.br\/capital-sa\/?p=8123"},"modified":"2022-06-06T17:29:19","modified_gmt":"2022-06-06T20:29:19","slug":"empreendedorismo-na-pauta-dos-presidenciaveis","status":"publish","type":"post","link":"https:\/\/blogs.correiobraziliense.com.br\/capital-sa\/2022\/06\/01\/empreendedorismo-na-pauta-dos-presidenciaveis\/","title":{"rendered":"Empreendedorismo na pauta dos presidenci\u00e1veis"},"content":{"rendered":"<p>Por Samanta Sallum<\/p>\n<div><span style=\"font-size: large\">Dois participantes da sabatina realizada ontem, pelo <b>Correio,\u00a0<\/b>destacaram a import\u00e2ncia de se incentivar e fortalecer o empreendedorismo no pa\u00eds. Apontaram como sa\u00edda\u00a0para o desemprego, que atinge 12 milh\u00f5es de pessoas, e para a reativar economia. Foram eles Luiz Felipe D&#8217; \u00c1vila, do Partido Novo, e Pablo Mar\u00e7al, do Pros.\u00a0<\/span><\/div>\n<div><span style=\"font-size: large\">\u00a0<\/span><\/div>\n<div><span style=\"font-size: large\"><b>PIB judicializado<\/b><\/span><\/div>\n<div><span style=\"font-size: large\"><br \/>\n<\/span><span style=\"font-size: large\">Luiz Felipe tem nos 55 milh\u00f5es de empreendedores\u00a0no pa\u00eds seu p\u00fablico-alvo. Defendeu a reforma tribut\u00e1ria e disse que tem muito a ser enxugado nos gastos da m\u00e1quina p\u00fablica, como as emendas secretas\u00a0de parlamentares.<\/span><\/div>\n<div><\/div>\n<div>\n<p><span style=\"font-size: large\">\u00a0&#8220;<\/span>70% do PIB brasileiro est\u00e1 imobilizado\u00a0por imbr\u00f3glios\u00a0judiciais referentes a tributos&#8221;, apontou.<\/p>\n<\/div>\n<div><\/div>\n<div><\/div>\n<div>\n<div><b>Defesa da Embrapa<br \/>\n<\/b><\/div>\n<\/div>\n<div><\/div>\n<div>\n<div><\/div>\n<div>Luiz Felipe defendeu\u00a0a abertura econ\u00f4mica do pa\u00eds para o mundo. E que o investimento em pesquisa e em tecnologia \u00e9 crucial para tornar os produtos brasileiros competitivos. \u201cO \u00fanico setor nosso competitivo internacionalmente \u00e9 o Agro. E isso se deve muito \u00e0 Embrapa.\u201d<\/div>\n<\/div>\n<div><\/div>\n<div><\/div>\n<div>\n<p><span style=\"font-size: large\">\u00a0<\/span><b>Falta de qualifica\u00e7\u00e3o profissional<\/b><\/p>\n<p><span style=\"font-size: large\">Mar\u00e7al defendeu que \u00e9 preciso, antes de tudo, \u201cativar gente\u201d para empreender e <\/span><span style=\"font-size: large\">reverter o alto n\u00famero de fechamento de empresas. Em 2021, foi 1,4 milh\u00e3o. &#8220;<\/span><span style=\"font-size: large\">Grande parte das que abrem n\u00e3o sobrevivem\u00a0<\/span>3 anos.&#8221;<\/p>\n<\/div>\n<div><\/div>\n<div><img loading=\"lazy\" decoding=\"async\" class=\"aligncenter size-medium wp-image-8135\" src=\"https:\/\/blogs.correiobraziliense.com.br\/capital-sa\/wp-content\/uploads\/sites\/59\/2022\/06\/89794D1B-4167-44B8-98EB-8C3797DBBF1D-300x199.jpeg\" alt=\"\" width=\"300\" height=\"199\" srcset=\"https:\/\/blogs.correiobraziliense.com.br\/capital-sa\/wp-content\/uploads\/sites\/59\/2022\/06\/89794D1B-4167-44B8-98EB-8C3797DBBF1D-300x199.jpeg 300w, https:\/\/blogs.correiobraziliense.com.br\/capital-sa\/wp-content\/uploads\/sites\/59\/2022\/06\/89794D1B-4167-44B8-98EB-8C3797DBBF1D-768x510.jpeg 768w, https:\/\/blogs.correiobraziliense.com.br\/capital-sa\/wp-content\/uploads\/sites\/59\/2022\/06\/89794D1B-4167-44B8-98EB-8C3797DBBF1D-1024x680.jpeg 1024w, https:\/\/blogs.correiobraziliense.com.br\/capital-sa\/wp-content\/uploads\/sites\/59\/2022\/06\/89794D1B-4167-44B8-98EB-8C3797DBBF1D-800x531.jpeg 800w, https:\/\/blogs.correiobraziliense.com.br\/capital-sa\/wp-content\/uploads\/sites\/59\/2022\/06\/89794D1B-4167-44B8-98EB-8C3797DBBF1D-550x365.jpeg 550w, https:\/\/blogs.correiobraziliense.com.br\/capital-sa\/wp-content\/uploads\/sites\/59\/2022\/06\/89794D1B-4167-44B8-98EB-8C3797DBBF1D-230x153.jpeg 230w, https:\/\/blogs.correiobraziliense.com.br\/capital-sa\/wp-content\/uploads\/sites\/59\/2022\/06\/89794D1B-4167-44B8-98EB-8C3797DBBF1D.jpeg 1280w\" sizes=\"auto, (max-width: 300px) 100vw, 300px\" \/><\/div>\n<div>O pr\u00e9-candidato destacou que n\u00e3o falta emprego no Brasil. &#8220;O que falta s\u00e3o pessoas com forma\u00e7\u00e3o compat\u00edvel com os setores que carecem de m\u00e3o de obra, como o de tecnologia. Temos de contratar gente de fora.&#8221;<\/div>\n<div><\/div>\n","protected":false},"excerpt":{"rendered":"<p>Por Samanta Sallum Dois participantes da sabatina realizada ontem, pelo Correio,\u00a0destacaram a import\u00e2ncia de se incentivar e fortalecer o empreendedorismo no pa\u00eds. Apontaram como sa\u00edda\u00a0para o desemprego, que atinge 12 milh\u00f5es de pessoas, e para a reativar economia. Foram eles Luiz Felipe D&#8217; \u00c1vila, do Partido Novo, e Pablo Mar\u00e7al, do Pros.\u00a0 \u00a0 PIB judicializado Luiz Felipe tem nos 55 [&hellip;]<\/p>\n","protected":false},"author":125,"featured_media":8134,"comment_status":"open","ping_status":"open","sticky":false,"template":"","format":"standard","meta":{"footnotes":""},"categories":[6],"tags":[1044,276,726,1102,1103,1100,1101,1099,778],"class_list":["post-8123","post","type-post","status-publish","format-standard","has-post-thumbnail","hentry","category-coluna-capital-s-a","tag-correiobraziliense","tag-economia","tag-eleicoes","tag-luizfelipedavila","tag-pablomarcal","tag-presidenciaveis","tag-qualificacaoprofissional","tag-sabatina","tag-desemprego"],"_links":{"self":[{"href":"https:\/\/blogs.correiobraziliense.com.br\/capital-sa\/wp-json\/wp\/v2\/posts\/8123","targetHints":{"allow":["GET"]}}],"collection":[{"href":"https:\/\/blogs.correiobraziliense.com.br\/capital-sa\/wp-json\/wp\/v2\/posts"}],"about":[{"href":"https:\/\/blogs.correiobraziliense.com.br\/capital-sa\/wp-json\/wp\/v2\/types\/post"}],"author":[{"embeddable":true,"href":"https:\/\/blogs.correiobraziliense.com.br\/capital-sa\/wp-json\/wp\/v2\/users\/125"}],"replies":[{"embeddable":true,"href":"https:\/\/blogs.correiobraziliense.com.br\/capital-sa\/wp-json\/wp\/v2\/comments?post=8123"}],"version-history":[{"count":17,"href":"https:\/\/blogs.correiobraziliense.com.br\/capital-sa\/wp-json\/wp\/v2\/posts\/8123\/revisions"}],"predecessor-version":[{"id":8194,"href":"https:\/\/blogs.correiobraziliense.com.br\/capital-sa\/wp-json\/wp\/v2\/posts\/8123\/revisions\/8194"}],"wp:featuredmedia":[{"embeddable":true,"href":"https:\/\/blogs.correiobraziliense.com.br\/capital-sa\/wp-json\/wp\/v2\/media\/8134"}],"wp:attachment":[{"href":"https:\/\/blogs.correiobraziliense.com.br\/capital-sa\/wp-json\/wp\/v2\/media?parent=8123"}],"wp:term":[{"taxonomy":"category","embeddable":true,"href":"https:\/\/blogs.correiobraziliense.com.br\/capital-sa\/wp-json\/wp\/v2\/categories?post=8123"},{"taxonomy":"post_tag","embeddable":true,"href":"https:\/\/blogs.correiobraziliense.com.br\/capital-sa\/wp-json\/wp\/v2\/tags?post=8123"}],"curies":[{"name":"wp","href":"https:\/\/api.w.org\/{rel}","templated":true}]}}