{"id":8112,"date":"2022-05-30T20:01:35","date_gmt":"2022-05-30T23:01:35","guid":{"rendered":"https:\/\/blogs.correiobraziliense.com.br\/capital-sa\/?p=8112"},"modified":"2022-06-06T17:25:43","modified_gmt":"2022-06-06T20:25:43","slug":"governadores-vao-ao-senado-contra-projeto-de-teto-para-icms-dos-combustiveis","status":"publish","type":"post","link":"https:\/\/blogs.correiobraziliense.com.br\/capital-sa\/2022\/05\/30\/governadores-vao-ao-senado-contra-projeto-de-teto-para-icms-dos-combustiveis\/","title":{"rendered":"Governadores v\u00e3o ao Senado contra projeto de teto para ICMS dos combust\u00edveis"},"content":{"rendered":"<p class=\"p1\">Por Samanta Sallum<\/p>\n<p class=\"p1\"><span class=\"s1\">Terminou agora, no in\u00edcio da noite, reuni\u00e3o entre o presidente do Senado, Rodrigo Pacheco, e os secret\u00e1rios de Fazenda de diversos estados, incluindo do Distrito Federal. A pauta: o projeto que limita em 17% a al\u00edquota do <a href=\"https:\/\/congressoemfoco.uol.com.br\/?s=ICMS\"><span class=\"s2\">ICMS<\/span><\/a> sobre combust\u00edveis e energia. A proposta, que contraria os governadores por causar perda de arrecada\u00e7\u00e3o, foi aprovada pela grande maioria<span class=\"Apple-converted-space\">\u00a0<\/span>na C\u00e2mara dos Deputados na semana passada. E agora est\u00e1 para ser votada no Senado.<br \/>\n<\/span><\/p>\n<p class=\"p1\">Na pr\u00f3xima segunda-feira, ser\u00e1 a vez de os governadores, em peso, irem at\u00e9 Pacheco para tratar do tema.<\/p>\n<p class=\"p1\"><span class=\"s1\">Nesta semana, os governadores tentam, por meio do Comit\u00ea Nacional de Secret\u00e1rios de Fazenda, modificar o texto. O Consefaz foi at\u00e9 Pacheco hoje com essa miss\u00e3o. O preju\u00edzos aos estados chegariam a mais de R$ 80 bilh\u00f5es\/ ano.<\/span><\/p>\n<p>O senador Fernando Bezerra ser\u00e1 o relator e dar\u00e1 o parecer direto no plen\u00e1rio, mas n\u00e3o h\u00e1 data prevista de vota\u00e7\u00e3o. &#8220;Isso n\u00e3o ocorrer\u00e1 sem antes haver um di\u00e1logo profundo com os secret\u00e1rios de Fazenda&#8221;, ponderou Pacheco. Reuni\u00f5es j\u00e1 est\u00e3o marcadas ao longo da semana entre representantes dos estados e o senador.<\/p>\n<p>&nbsp;<\/p>\n","protected":false},"excerpt":{"rendered":"<p>Por Samanta Sallum Terminou agora, no in\u00edcio da noite, reuni\u00e3o entre o presidente do Senado, Rodrigo Pacheco, e os secret\u00e1rios de Fazenda de diversos estados, incluindo do Distrito Federal. A pauta: o projeto que limita em 17% a al\u00edquota do ICMS sobre combust\u00edveis e energia. A proposta, que contraria os governadores por causar perda de arrecada\u00e7\u00e3o, foi aprovada pela grande [&hellip;]<\/p>\n","protected":false},"author":125,"featured_media":8115,"comment_status":"open","ping_status":"open","sticky":false,"template":"","format":"standard","meta":{"footnotes":""},"categories":[6],"tags":[505,1098,251,378,1097],"class_list":["post-8112","post","type-post","status-publish","format-standard","has-post-thumbnail","hentry","category-coluna-capital-s-a","tag-combustiveis","tag-consefaz","tag-governadores","tag-icms","tag-rodrigopacheco"],"_links":{"self":[{"href":"https:\/\/blogs.correiobraziliense.com.br\/capital-sa\/wp-json\/wp\/v2\/posts\/8112","targetHints":{"allow":["GET"]}}],"collection":[{"href":"https:\/\/blogs.correiobraziliense.com.br\/capital-sa\/wp-json\/wp\/v2\/posts"}],"about":[{"href":"https:\/\/blogs.correiobraziliense.com.br\/capital-sa\/wp-json\/wp\/v2\/types\/post"}],"author":[{"embeddable":true,"href":"https:\/\/blogs.correiobraziliense.com.br\/capital-sa\/wp-json\/wp\/v2\/users\/125"}],"replies":[{"embeddable":true,"href":"https:\/\/blogs.correiobraziliense.com.br\/capital-sa\/wp-json\/wp\/v2\/comments?post=8112"}],"version-history":[{"count":9,"href":"https:\/\/blogs.correiobraziliense.com.br\/capital-sa\/wp-json\/wp\/v2\/posts\/8112\/revisions"}],"predecessor-version":[{"id":8192,"href":"https:\/\/blogs.correiobraziliense.com.br\/capital-sa\/wp-json\/wp\/v2\/posts\/8112\/revisions\/8192"}],"wp:featuredmedia":[{"embeddable":true,"href":"https:\/\/blogs.correiobraziliense.com.br\/capital-sa\/wp-json\/wp\/v2\/media\/8115"}],"wp:attachment":[{"href":"https:\/\/blogs.correiobraziliense.com.br\/capital-sa\/wp-json\/wp\/v2\/media?parent=8112"}],"wp:term":[{"taxonomy":"category","embeddable":true,"href":"https:\/\/blogs.correiobraziliense.com.br\/capital-sa\/wp-json\/wp\/v2\/categories?post=8112"},{"taxonomy":"post_tag","embeddable":true,"href":"https:\/\/blogs.correiobraziliense.com.br\/capital-sa\/wp-json\/wp\/v2\/tags?post=8112"}],"curies":[{"name":"wp","href":"https:\/\/api.w.org\/{rel}","templated":true}]}}