{"id":8102,"date":"2022-05-30T13:50:40","date_gmt":"2022-05-30T16:50:40","guid":{"rendered":"https:\/\/blogs.correiobraziliense.com.br\/capital-sa\/?p=8102"},"modified":"2022-05-30T14:13:37","modified_gmt":"2022-05-30T17:13:37","slug":"rede-giraffas-inaugura-escritorio-sede-no-mane-garrincha","status":"publish","type":"post","link":"https:\/\/blogs.correiobraziliense.com.br\/capital-sa\/2022\/05\/30\/rede-giraffas-inaugura-escritorio-sede-no-mane-garrincha\/","title":{"rendered":"Rede Giraffas inaugura escrit\u00f3rio-sede no Man\u00e9 Garrincha"},"content":{"rendered":"<div>Por Samanta Sallum<\/div>\n<div><\/div>\n<div><\/div>\n<div><\/div>\n<div><span style=\"font-size: large\">A rede fast-food brasiliense Giraffas abriu um novo escrit\u00f3rio-sede em Bras\u00edlia. Saiu do Setor Comercial Sul para se instalar na Arena BRB Man\u00e9 Garrincha. A mudan\u00e7a marca uma nova fase da empresa, que volta a focar no Distrito Federal. Hoje tem cerca de 400 lojas no pa\u00eds.\u00a0Dessas, 73 na capital, o que representa 18% do total da rede.<\/span><\/div>\n<div><span style=\"font-size: large\">\u00a0<\/span><\/div>\n<div><span style=\"font-size: large\">\u00a0<\/span><span style=\"font-size: large\">O faturamento previsto para 2022 \u00e9<\/span>\u00a0de R$ 780 milh\u00f5es. Depois da queda de vendas na pandemia, em 2021, a rede j\u00e1 apresentou\u00a0recupera\u00e7\u00e3o, mas ainda estava com faturamento 18,4% menor que em 2019. Agora volta a crescer.<\/div>\n<div><span style=\"font-size: large\">\u00a0<\/span><\/div>\n<div><span style=\"font-size: large\"><b>Novas marcas de delivery\u00a0<\/b><\/span><\/div>\n<div><span style=\"font-size: large\">\u00a0<\/span><\/div>\n<div><span style=\"font-size: large\">Recentemente, criou duas marcas para disputar espa\u00e7o nos aplicativos de delivery. A primeira, focada em marmitas, \u00e9 a Safari. A segunda \u00e9 a Storo, para a entrega de hamb\u00fargueres.<\/span><\/div>\n<div><span style=\"font-size: large\">\u00a0<\/span><\/div>\n<div><span style=\"font-size: large\"><b>Amor pela capital<\/b><\/span><\/div>\n<div><span style=\"font-size: large\">\u00a0<\/span><\/div>\n<div>\n<p><span style=\"font-size: large\">&#8220;Queremos centralizar nossas reuni\u00f5es e neg\u00f3cios neste novo escrit\u00f3rio, trazer parceiros e funcion\u00e1rios de S\u00e3o Paulo para c\u00e1. Nosso marketing est\u00e1 voltando para Bras\u00edlia. Afinal, \u00e9 aqui que est\u00e3o nossas ra\u00edzes e queremos devolver para cidade o sucesso que ela nos ajudou a alcan\u00e7ar. O mercado daqui foi fiel, e nos ajudou muito a enfrentar a pandemia&#8221;, contou\u00a0<\/span>Carlos Guerra, s\u00f3cio-fundador da empresa.<\/p>\n<\/div>\n<div><\/div>\n<div><\/div>\n<div>O coquetel de inaugura\u00e7\u00e3o do escrit\u00f3rio, na semana passada, foi em clima de descontra\u00e7\u00e3o, com a presen\u00e7a de colaboradores\u00a0e convidados, no espa\u00e7o com a bela vista para o campo da arena. Estiveram presentes\u00a0Cl<span style=\"font-size: large\">\u00e1udio Miccieli, diretor de Gest\u00e3o;\u00a0 Luciana Morais , diretora de Marketing; e Jomar Morais, presidente da Associa\u00e7\u00e3o dos franqueados da Rede Giraffas.\u00a0<\/span><\/div>\n","protected":false},"excerpt":{"rendered":"<p>Por Samanta Sallum A rede fast-food brasiliense Giraffas abriu um novo escrit\u00f3rio-sede em Bras\u00edlia. Saiu do Setor Comercial Sul para se instalar na Arena BRB Man\u00e9 Garrincha. A mudan\u00e7a marca uma nova fase da empresa, que volta a focar no Distrito Federal. Hoje tem cerca de 400 lojas no pa\u00eds.\u00a0Dessas, 73 na capital, o que representa 18% do total da [&hellip;]<\/p>\n","protected":false},"author":125,"featured_media":8107,"comment_status":"open","ping_status":"open","sticky":false,"template":"","format":"standard","meta":{"footnotes":""},"categories":[6],"tags":[1092,1096,1090,1089,403,1091,1094,1095,1093],"class_list":["post-8102","post","type-post","status-publish","format-standard","has-post-thumbnail","hentry","category-coluna-capital-s-a","tag-arenabrb","tag-delivery","tag-fastfood","tag-giraffas","tag-inauguracao","tag-marca","tag-safari","tag-storo","tag-coquetel"],"_links":{"self":[{"href":"https:\/\/blogs.correiobraziliense.com.br\/capital-sa\/wp-json\/wp\/v2\/posts\/8102","targetHints":{"allow":["GET"]}}],"collection":[{"href":"https:\/\/blogs.correiobraziliense.com.br\/capital-sa\/wp-json\/wp\/v2\/posts"}],"about":[{"href":"https:\/\/blogs.correiobraziliense.com.br\/capital-sa\/wp-json\/wp\/v2\/types\/post"}],"author":[{"embeddable":true,"href":"https:\/\/blogs.correiobraziliense.com.br\/capital-sa\/wp-json\/wp\/v2\/users\/125"}],"replies":[{"embeddable":true,"href":"https:\/\/blogs.correiobraziliense.com.br\/capital-sa\/wp-json\/wp\/v2\/comments?post=8102"}],"version-history":[{"count":7,"href":"https:\/\/blogs.correiobraziliense.com.br\/capital-sa\/wp-json\/wp\/v2\/posts\/8102\/revisions"}],"predecessor-version":[{"id":8111,"href":"https:\/\/blogs.correiobraziliense.com.br\/capital-sa\/wp-json\/wp\/v2\/posts\/8102\/revisions\/8111"}],"wp:featuredmedia":[{"embeddable":true,"href":"https:\/\/blogs.correiobraziliense.com.br\/capital-sa\/wp-json\/wp\/v2\/media\/8107"}],"wp:attachment":[{"href":"https:\/\/blogs.correiobraziliense.com.br\/capital-sa\/wp-json\/wp\/v2\/media?parent=8102"}],"wp:term":[{"taxonomy":"category","embeddable":true,"href":"https:\/\/blogs.correiobraziliense.com.br\/capital-sa\/wp-json\/wp\/v2\/categories?post=8102"},{"taxonomy":"post_tag","embeddable":true,"href":"https:\/\/blogs.correiobraziliense.com.br\/capital-sa\/wp-json\/wp\/v2\/tags?post=8102"}],"curies":[{"name":"wp","href":"https:\/\/api.w.org\/{rel}","templated":true}]}}