{"id":8087,"date":"2022-05-30T10:18:44","date_gmt":"2022-05-30T13:18:44","guid":{"rendered":"https:\/\/blogs.correiobraziliense.com.br\/capital-sa\/?p=8087"},"modified":"2022-05-30T14:10:28","modified_gmt":"2022-05-30T17:10:28","slug":"decreto-publicado-hoje-reduz-impostos-para-empresas-com-centros-de-distribuicao-no-df","status":"publish","type":"post","link":"https:\/\/blogs.correiobraziliense.com.br\/capital-sa\/2022\/05\/30\/decreto-publicado-hoje-reduz-impostos-para-empresas-com-centros-de-distribuicao-no-df\/","title":{"rendered":"Decreto publicado hoje reduz impostos para empresas com centros de distribui\u00e7\u00e3o no DF"},"content":{"rendered":"<p>Por Samanta Sallum<\/p>\n<p><span style=\"font-size: large\">Foi publicado hoje no <em>Di\u00e1rio Oficial do Distrito Federal (DODF)<\/em> decreto que reduz a carga tribut\u00e1ria sobre empresas com centros de distribui\u00e7\u00e3o instalados na capital federal, como \u00e9 o caso da gigante do e-commerce Amazon.<br \/>\n<\/span><\/p>\n<p><span style=\"font-size: large\">Havia uma bitributa\u00e7\u00e3o sobre as opera\u00e7\u00f5es desse segmento, que pagava ICMS sobre transporte e sobre venda de produtos. No entanto, as empresas apontavam que era um erro do governo local cobrar sobre a venda, j\u00e1 que as mercadorias ficam apenas armazenadas aqui para serem entregues em outras regi\u00f5es\u00a0do pa\u00eds e que as compras eram efetivadas em outros estados.<br \/>\n<\/span><\/p>\n<p><span style=\"font-size: large\">Com a medida, Mercado Livre e Lojas Americanas v\u00e3o passar a concentrar a log\u00edstica de distribui\u00e7\u00e3o no DF. E h\u00e1 outras duas grandes empresas que demonstraram interesse em se instalar ma capital.<\/span><\/p>\n<div><b>Polo log\u00edstico<\/b><\/div>\n<div><span style=\"font-size: large\">\u00a0<\/span><\/div>\n<div>\n<p><span style=\"font-size: large\">O decreto foi assinado pelo governador Ibaneis Rocha, na sexta-feira passada, em cerim\u00f4nia fechada no Pal\u00e1cio do Buriti com representantes da Amazon. Ibaneis afirmou que o Distrito Federal tem potencial para ser polo log\u00edstico da Am\u00e9rica do Sul.<\/span><\/p>\n<p><span style=\"font-size: large\">O an\u00fancio foi feito em visita ao centro de distribui\u00e7\u00e3o da Amazon em Santa Maria, na semana passada. Pela localiza\u00e7\u00e3o estrat\u00e9gica, bem no centro\u00a0do pa\u00eds, a capital federal tem voca\u00e7\u00e3o para abrigar esse tipo de atividade, pois daqui\u00a0as empresas podem escoar\u00a0rapidamente\u00a0seus produtos.<br \/>\n<\/span><\/p>\n<p><span style=\"font-size: large\">Segundo o secret\u00e1rio de Desenvolvimento Econ\u00f4mico, Jesu\u00edno Pereira, a demanda das empresas foi apresentada ao \u00f3rg\u00e3o. &#8220;Foi um processo que iniciamos na secretaria e o governador foi sens\u00edvel \u00e0 quest\u00e3o. Mostramos que acabar com essa duplicidade de cobran\u00e7a trar\u00e1 benef\u00edcios para o DF, pois vai atrair mais empresas. E tamb\u00e9m\u00a0vamos gerar mais emprego&#8221;, destacou Jesu\u00edno.<\/span><\/p>\n<\/div>\n","protected":false},"excerpt":{"rendered":"<p>Por Samanta Sallum Foi publicado hoje no Di\u00e1rio Oficial do Distrito Federal (DODF) decreto que reduz a carga tribut\u00e1ria sobre empresas com centros de distribui\u00e7\u00e3o instalados na capital federal, como \u00e9 o caso da gigante do e-commerce Amazon. Havia uma bitributa\u00e7\u00e3o sobre as opera\u00e7\u00f5es desse segmento, que pagava ICMS sobre transporte e sobre venda de produtos. No entanto, as empresas [&hellip;]<\/p>\n","protected":false},"author":125,"featured_media":8091,"comment_status":"open","ping_status":"open","sticky":false,"template":"","format":"standard","meta":{"footnotes":""},"categories":[6],"tags":[1086,1087,174,741,1088,986,875],"class_list":["post-8087","post","type-post","status-publish","format-standard","has-post-thumbnail","hentry","category-coluna-capital-s-a","tag-amazon","tag-bitribuicao","tag-compras","tag-decreto","tag-ibaineis","tag-polologistico","tag-tributos"],"_links":{"self":[{"href":"https:\/\/blogs.correiobraziliense.com.br\/capital-sa\/wp-json\/wp\/v2\/posts\/8087","targetHints":{"allow":["GET"]}}],"collection":[{"href":"https:\/\/blogs.correiobraziliense.com.br\/capital-sa\/wp-json\/wp\/v2\/posts"}],"about":[{"href":"https:\/\/blogs.correiobraziliense.com.br\/capital-sa\/wp-json\/wp\/v2\/types\/post"}],"author":[{"embeddable":true,"href":"https:\/\/blogs.correiobraziliense.com.br\/capital-sa\/wp-json\/wp\/v2\/users\/125"}],"replies":[{"embeddable":true,"href":"https:\/\/blogs.correiobraziliense.com.br\/capital-sa\/wp-json\/wp\/v2\/comments?post=8087"}],"version-history":[{"count":14,"href":"https:\/\/blogs.correiobraziliense.com.br\/capital-sa\/wp-json\/wp\/v2\/posts\/8087\/revisions"}],"predecessor-version":[{"id":8109,"href":"https:\/\/blogs.correiobraziliense.com.br\/capital-sa\/wp-json\/wp\/v2\/posts\/8087\/revisions\/8109"}],"wp:featuredmedia":[{"embeddable":true,"href":"https:\/\/blogs.correiobraziliense.com.br\/capital-sa\/wp-json\/wp\/v2\/media\/8091"}],"wp:attachment":[{"href":"https:\/\/blogs.correiobraziliense.com.br\/capital-sa\/wp-json\/wp\/v2\/media?parent=8087"}],"wp:term":[{"taxonomy":"category","embeddable":true,"href":"https:\/\/blogs.correiobraziliense.com.br\/capital-sa\/wp-json\/wp\/v2\/categories?post=8087"},{"taxonomy":"post_tag","embeddable":true,"href":"https:\/\/blogs.correiobraziliense.com.br\/capital-sa\/wp-json\/wp\/v2\/tags?post=8087"}],"curies":[{"name":"wp","href":"https:\/\/api.w.org\/{rel}","templated":true}]}}