{"id":8056,"date":"2022-05-27T00:58:55","date_gmt":"2022-05-27T03:58:55","guid":{"rendered":"https:\/\/blogs.correiobraziliense.com.br\/capital-sa\/?p=8056"},"modified":"2022-05-27T11:44:24","modified_gmt":"2022-05-27T14:44:24","slug":"cni-cria-conselho-do-forum-nacional-de-mulheres-empresarias","status":"publish","type":"post","link":"https:\/\/blogs.correiobraziliense.com.br\/capital-sa\/2022\/05\/27\/cni-cria-conselho-do-forum-nacional-de-mulheres-empresarias\/","title":{"rendered":"CNI cria Conselho do F\u00f3rum Nacional de Mulheres Empres\u00e1rias"},"content":{"rendered":"<p class=\"p1\">Por Samanta Sallum<\/p>\n<p class=\"p1\"><span class=\"s1\">Janete Vaz e Sandra Costa, s\u00f3cias-fundadoras do Grupo Sabin, tomaram posse no Conselho do F\u00f3rum Nacional de Mulheres Empres\u00e1rias, criado pela Confedera\u00e7\u00e3o Nacional da Ind\u00fastria (CNI). O seleto grupo \u00e9 formado por 30 executivas de destaque no pa\u00eds. <\/span><\/p>\n<p class=\"p1\">Juntas, elas ser\u00e3o respons\u00e1veis por formular e acompanhar pol\u00edticas de contrata\u00e7\u00e3o sem distin\u00e7\u00e3o de g\u00eanero, desenvolvimento de compet\u00eancias, amplia\u00e7\u00e3o da diversidade na ind\u00fastria e a expans\u00e3o de oportunidades para empresas lideradas por mulheres.<\/p>\n<p class=\"p1\">A cerim\u00f4nia na CNI, em Bras\u00edlia, na quarta-feira, teve as presen\u00e7as do presidente da entidade, Robson Braga; do presidente da CNC, Jos\u00e9 Tadros; e do presidente do Sebrae Nacional, Carlos Melles.<\/p>\n<p>Outra representante de Bras\u00edlia integra o conselho: a presidente de C\u00e2mara de Mulheres Empreendedoras da Fecom\u00e9rcio-DF e vice-presidente do Lide Mulher, Beatriz Guimar\u00e3es. Laura Oliveira, do grupo Levo, e Ana Claudia Badra Cotait tamb\u00e9m foram empossadas.<\/p>\n<p><img loading=\"lazy\" decoding=\"async\" class=\"aligncenter size-medium wp-image-8063\" src=\"https:\/\/blogs.correiobraziliense.com.br\/capital-sa\/wp-content\/uploads\/sites\/59\/2022\/05\/6EFDEB80-EFFD-4745-9A6F-EA11BBADEB01-300x256.jpeg\" alt=\"\" width=\"300\" height=\"256\" srcset=\"https:\/\/blogs.correiobraziliense.com.br\/capital-sa\/wp-content\/uploads\/sites\/59\/2022\/05\/6EFDEB80-EFFD-4745-9A6F-EA11BBADEB01-300x256.jpeg 300w, https:\/\/blogs.correiobraziliense.com.br\/capital-sa\/wp-content\/uploads\/sites\/59\/2022\/05\/6EFDEB80-EFFD-4745-9A6F-EA11BBADEB01-230x196.jpeg 230w, https:\/\/blogs.correiobraziliense.com.br\/capital-sa\/wp-content\/uploads\/sites\/59\/2022\/05\/6EFDEB80-EFFD-4745-9A6F-EA11BBADEB01.jpeg 500w\" sizes=\"auto, (max-width: 300px) 100vw, 300px\" \/><\/p>\n<p>&nbsp;<\/p>\n","protected":false},"excerpt":{"rendered":"<p>Por Samanta Sallum Janete Vaz e Sandra Costa, s\u00f3cias-fundadoras do Grupo Sabin, tomaram posse no Conselho do F\u00f3rum Nacional de Mulheres Empres\u00e1rias, criado pela Confedera\u00e7\u00e3o Nacional da Ind\u00fastria (CNI). O seleto grupo \u00e9 formado por 30 executivas de destaque no pa\u00eds. Juntas, elas ser\u00e3o respons\u00e1veis por formular e acompanhar pol\u00edticas de contrata\u00e7\u00e3o sem distin\u00e7\u00e3o de g\u00eanero, desenvolvimento de compet\u00eancias, amplia\u00e7\u00e3o [&hellip;]<\/p>\n","protected":false},"author":125,"featured_media":8062,"comment_status":"open","ping_status":"open","sticky":false,"template":"","format":"standard","meta":{"footnotes":""},"categories":[6],"tags":[275,614,1071,660,64],"class_list":["post-8056","post","type-post","status-publish","format-standard","has-post-thumbnail","hentry","category-coluna-capital-s-a","tag-cnc","tag-forum","tag-forumnacionalde-mulheresempresarias","tag-sabin","tag-cni"],"_links":{"self":[{"href":"https:\/\/blogs.correiobraziliense.com.br\/capital-sa\/wp-json\/wp\/v2\/posts\/8056","targetHints":{"allow":["GET"]}}],"collection":[{"href":"https:\/\/blogs.correiobraziliense.com.br\/capital-sa\/wp-json\/wp\/v2\/posts"}],"about":[{"href":"https:\/\/blogs.correiobraziliense.com.br\/capital-sa\/wp-json\/wp\/v2\/types\/post"}],"author":[{"embeddable":true,"href":"https:\/\/blogs.correiobraziliense.com.br\/capital-sa\/wp-json\/wp\/v2\/users\/125"}],"replies":[{"embeddable":true,"href":"https:\/\/blogs.correiobraziliense.com.br\/capital-sa\/wp-json\/wp\/v2\/comments?post=8056"}],"version-history":[{"count":9,"href":"https:\/\/blogs.correiobraziliense.com.br\/capital-sa\/wp-json\/wp\/v2\/posts\/8056\/revisions"}],"predecessor-version":[{"id":8071,"href":"https:\/\/blogs.correiobraziliense.com.br\/capital-sa\/wp-json\/wp\/v2\/posts\/8056\/revisions\/8071"}],"wp:featuredmedia":[{"embeddable":true,"href":"https:\/\/blogs.correiobraziliense.com.br\/capital-sa\/wp-json\/wp\/v2\/media\/8062"}],"wp:attachment":[{"href":"https:\/\/blogs.correiobraziliense.com.br\/capital-sa\/wp-json\/wp\/v2\/media?parent=8056"}],"wp:term":[{"taxonomy":"category","embeddable":true,"href":"https:\/\/blogs.correiobraziliense.com.br\/capital-sa\/wp-json\/wp\/v2\/categories?post=8056"},{"taxonomy":"post_tag","embeddable":true,"href":"https:\/\/blogs.correiobraziliense.com.br\/capital-sa\/wp-json\/wp\/v2\/tags?post=8056"}],"curies":[{"name":"wp","href":"https:\/\/api.w.org\/{rel}","templated":true}]}}