{"id":8040,"date":"2022-05-26T15:27:32","date_gmt":"2022-05-26T18:27:32","guid":{"rendered":"https:\/\/blogs.correiobraziliense.com.br\/capital-sa\/?p=8040"},"modified":"2022-05-27T11:10:53","modified_gmt":"2022-05-27T14:10:53","slug":"ibaneis-se-reune-com-empresarios-da-construcao-civil","status":"publish","type":"post","link":"https:\/\/blogs.correiobraziliense.com.br\/capital-sa\/2022\/05\/26\/ibaneis-se-reune-com-empresarios-da-construcao-civil\/","title":{"rendered":"Ibaneis se re\u00fane com empres\u00e1rios da constru\u00e7\u00e3o civil"},"content":{"rendered":"<p>Por Samanta Sallum<\/p>\n<p class=\"p1\">A Associa\u00e7\u00e3o Brasiliense de Construtores (Asbraco) recebeu ontem o governador Ibaneis Rocha para um caf\u00e9 da manh\u00e3 com empres\u00e1rios da constru\u00e7\u00e3o civil, na sede da entidade no SIA. O presidente da associa\u00e7\u00e3o, Luiz Afonso Assad, elogiou a gest\u00e3o de Ibaneis e agradeceu a interlocu\u00e7\u00e3o entre o GDF e as empresas. Apresentou tamb\u00e9m uma demanda: o reequil\u00edbrio or\u00e7ament\u00e1rio dos contratos de obras p\u00fablicas em execu\u00e7\u00e3o. Exp\u00f4s o cen\u00e1rio de aumento no pre\u00e7o dos materiais, que faz o custo dos projetos crescer.<\/p>\n<p class=\"p1\"><span class=\"s1\">&#8220;A preocupa\u00e7\u00e3o do setor com os aumentos de pre\u00e7o dos insumos tem gerado incertezas e dificuldades na execu\u00e7\u00e3o das obras, tanto p\u00fablicas como privadas&#8221;, apontou Assad. Mencionou, como exemplo, o aumento de 56% no cimento e no a\u00e7o de 57% somente no \u00faltimo ano.<\/span><\/p>\n<p class=\"p1\"><span class=\"s1\"><b>Responsabilidade or\u00e7ament\u00e1ria <\/b><\/span><\/p>\n<p class=\"p1\"><span class=\"s1\">Ibaneis informou que o governo tem sido sens\u00edvel a esse cen\u00e1rio. &#8220;Pagamos em dia os contratos, n\u00e3o deixamos atrasar. E realizamos uma gest\u00e3o com responsabilidade or\u00e7ament\u00e1ria<span class=\"Apple-converted-space\">\u00a0<\/span>para termos condi\u00e7\u00f5es de honrar nossos compromissos.&#8221;<\/span><\/p>\n<p><img loading=\"lazy\" decoding=\"async\" class=\"aligncenter size-medium wp-image-8035\" src=\"https:\/\/blogs.correiobraziliense.com.br\/capital-sa\/wp-content\/uploads\/sites\/59\/2022\/05\/963F958A-04FD-4879-AD54-2652E4691822-300x199.jpeg\" alt=\"\" width=\"300\" height=\"199\" srcset=\"https:\/\/blogs.correiobraziliense.com.br\/capital-sa\/wp-content\/uploads\/sites\/59\/2022\/05\/963F958A-04FD-4879-AD54-2652E4691822-300x199.jpeg 300w, https:\/\/blogs.correiobraziliense.com.br\/capital-sa\/wp-content\/uploads\/sites\/59\/2022\/05\/963F958A-04FD-4879-AD54-2652E4691822-768x511.jpeg 768w, https:\/\/blogs.correiobraziliense.com.br\/capital-sa\/wp-content\/uploads\/sites\/59\/2022\/05\/963F958A-04FD-4879-AD54-2652E4691822-1024x681.jpeg 1024w, https:\/\/blogs.correiobraziliense.com.br\/capital-sa\/wp-content\/uploads\/sites\/59\/2022\/05\/963F958A-04FD-4879-AD54-2652E4691822-800x532.jpeg 800w, https:\/\/blogs.correiobraziliense.com.br\/capital-sa\/wp-content\/uploads\/sites\/59\/2022\/05\/963F958A-04FD-4879-AD54-2652E4691822-550x366.jpeg 550w, https:\/\/blogs.correiobraziliense.com.br\/capital-sa\/wp-content\/uploads\/sites\/59\/2022\/05\/963F958A-04FD-4879-AD54-2652E4691822-230x153.jpeg 230w, https:\/\/blogs.correiobraziliense.com.br\/capital-sa\/wp-content\/uploads\/sites\/59\/2022\/05\/963F958A-04FD-4879-AD54-2652E4691822.jpeg 1280w\" sizes=\"auto, (max-width: 300px) 100vw, 300px\" \/><\/p>\n<p class=\"p1\"><span class=\"s1\"><b>Comitiva <\/b><\/span><\/p>\n<p class=\"p1\"><span class=\"s1\">Ibaneis foi ao evento acompanhado do colega de MDB o ex-vice governador Tadeu Fillipelli, a quem fez refer\u00eancia pela trajet\u00f3ria na execu\u00e7\u00e3o de obras. Integrantes do GDF tamb\u00e9m estiveram presentes, como o vice-governador Paco Britto; o secret\u00e1rio de governo, Jos\u00e9 Humberto Pires; o presidente da Terracap, Izidio Santos, entre outros.<\/span><\/p>\n","protected":false},"excerpt":{"rendered":"<p>Por Samanta Sallum A Associa\u00e7\u00e3o Brasiliense de Construtores (Asbraco) recebeu ontem o governador Ibaneis Rocha para um caf\u00e9 da manh\u00e3 com empres\u00e1rios da constru\u00e7\u00e3o civil, na sede da entidade no SIA. O presidente da associa\u00e7\u00e3o, Luiz Afonso Assad, elogiou a gest\u00e3o de Ibaneis e agradeceu a interlocu\u00e7\u00e3o entre o GDF e as empresas. Apresentou tamb\u00e9m uma demanda: o reequil\u00edbrio or\u00e7ament\u00e1rio [&hellip;]<\/p>\n","protected":false},"author":125,"featured_media":8046,"comment_status":"open","ping_status":"open","sticky":false,"template":"","format":"standard","meta":{"footnotes":""},"categories":[6],"tags":[1068,1070,141,1069,70],"class_list":["post-8040","post","type-post","status-publish","format-standard","has-post-thumbnail","hentry","category-coluna-capital-s-a","tag-abrasco","tag-construcao","tag-evento","tag-orcamento","tag-ibaneis"],"_links":{"self":[{"href":"https:\/\/blogs.correiobraziliense.com.br\/capital-sa\/wp-json\/wp\/v2\/posts\/8040","targetHints":{"allow":["GET"]}}],"collection":[{"href":"https:\/\/blogs.correiobraziliense.com.br\/capital-sa\/wp-json\/wp\/v2\/posts"}],"about":[{"href":"https:\/\/blogs.correiobraziliense.com.br\/capital-sa\/wp-json\/wp\/v2\/types\/post"}],"author":[{"embeddable":true,"href":"https:\/\/blogs.correiobraziliense.com.br\/capital-sa\/wp-json\/wp\/v2\/users\/125"}],"replies":[{"embeddable":true,"href":"https:\/\/blogs.correiobraziliense.com.br\/capital-sa\/wp-json\/wp\/v2\/comments?post=8040"}],"version-history":[{"count":6,"href":"https:\/\/blogs.correiobraziliense.com.br\/capital-sa\/wp-json\/wp\/v2\/posts\/8040\/revisions"}],"predecessor-version":[{"id":8069,"href":"https:\/\/blogs.correiobraziliense.com.br\/capital-sa\/wp-json\/wp\/v2\/posts\/8040\/revisions\/8069"}],"wp:featuredmedia":[{"embeddable":true,"href":"https:\/\/blogs.correiobraziliense.com.br\/capital-sa\/wp-json\/wp\/v2\/media\/8046"}],"wp:attachment":[{"href":"https:\/\/blogs.correiobraziliense.com.br\/capital-sa\/wp-json\/wp\/v2\/media?parent=8040"}],"wp:term":[{"taxonomy":"category","embeddable":true,"href":"https:\/\/blogs.correiobraziliense.com.br\/capital-sa\/wp-json\/wp\/v2\/categories?post=8040"},{"taxonomy":"post_tag","embeddable":true,"href":"https:\/\/blogs.correiobraziliense.com.br\/capital-sa\/wp-json\/wp\/v2\/tags?post=8040"}],"curies":[{"name":"wp","href":"https:\/\/api.w.org\/{rel}","templated":true}]}}