{"id":7992,"date":"2022-05-18T15:59:13","date_gmt":"2022-05-18T18:59:13","guid":{"rendered":"https:\/\/blogs.correiobraziliense.com.br\/capital-sa\/?p=7992"},"modified":"2022-05-18T18:35:43","modified_gmt":"2022-05-18T21:35:43","slug":"ibaneis-lucro-da-petrobras-deve-ser-usado-para-baixar-preco-de-combustiveis","status":"publish","type":"post","link":"https:\/\/blogs.correiobraziliense.com.br\/capital-sa\/2022\/05\/18\/ibaneis-lucro-da-petrobras-deve-ser-usado-para-baixar-preco-de-combustiveis\/","title":{"rendered":"Ibaneis: \u201cLucro da Petrobras deve ser usado para baixar pre\u00e7o dos combust\u00edveis\u201d"},"content":{"rendered":"<p style=\"text-align: left\">Por Samanta Sallum<\/p>\n<p class=\"p1\"><span class=\"s1\">O governador Ibaneis Rocha defendeu hoje a cria\u00e7\u00e3o de uma c\u00e2mara de compensa\u00e7\u00e3o para reduzir o pre\u00e7o dos combust\u00edveis. \u201cParte do lucro alt\u00edssimo da Petrobras deveria ser usado nisso\u201d, afirmou ao <strong>Correio<\/strong>. O lucro da empresa no primeiro trimestre deste ano foi de R$ 44,5 bilh\u00f5es.<br \/>\n<\/span><\/p>\n<blockquote>\n<p class=\"p1\"><span class=\"s1\">\u201c\u00c9 preciso devolver parte desse montante extraordin\u00e1rio \u00e0 sociedade. \u00c9 preciso fazer esse debate, e o momento das pr\u00f3ximas elei\u00e7\u00f5es ser\u00e1 muito adequado para isso\u201c, refor\u00e7ou.<br \/>\n<\/span><\/p>\n<\/blockquote>\n<p class=\"p1\"><span class=\"s1\">Ele criticou a atua\u00e7\u00e3o do governo federal na condu\u00e7\u00e3o do problema. \u201dN\u00e3o se v\u00ea uma a\u00e7\u00e3o da esfera federal nesse sentido, de tomar uma medida realmente pr\u00e1tica e eficiente. Fica esse jogo de bater nos governadores, de colocar a culpa no colo de quem n\u00e3o tem\u201d, disparou Ibaneis.<\/span><\/p>\n<p class=\"p1\"><span class=\"s1\">O governador se referiu, apesar de n\u00e3o mencionar o nome do presidente Jair Bolsonaro, ao fato de ele\u00a0<\/span><span class=\"s1\">ter colocado parte da responsabilidade dos altos pre\u00e7os na pol\u00edtica de aplica\u00e7\u00e3o de ICMS dos estados.<\/span><\/p>\n<p>\u201cO nosso ICMS est\u00e1 congelado desde novembro. Mas, de l\u00e1 para c\u00e1, o que vemos s\u00e3o sucessivos aumentos por parte da Petrobras nos combust\u00edveis. \u00c9 imposs\u00edvel para a popula\u00e7\u00e3o absorver isso\u201d, apontou o chefe do Pal\u00e1cio do Buriti.<\/p>\n<p>Ibaneis lembrou que o GDF baixou a al\u00edquota no ano passado. Mas, atualmente, o ICMS dos estados est\u00e1 congelado at\u00e9 que se defina, conforme lei aprovada recentemente no Congresso, um \u00edndice \u00fanico de ICMS para todo o pa\u00eds. Um imbr\u00f3glio que o Conselho Nacional de Secretarias de Fazenda (Confaz) ter\u00e1 de resolver.<\/p>\n<p class=\"p1\"><span class=\"s1\">Ibaneis deu a declara\u00e7\u00e3o ao ser perguntado pelo blog sobre a atua\u00e7\u00e3o de seu governo para minimizar no \u00e2mbito local o impacto das altas de pre\u00e7os dos combust\u00edveis.<\/span><span class=\"s1\"> Ele participava de almo\u00e7o debate com empres\u00e1rios da capital federal no Bras\u00edlia Palace.<\/span><\/p>\n","protected":false},"excerpt":{"rendered":"<p>Por Samanta Sallum O governador Ibaneis Rocha defendeu hoje a cria\u00e7\u00e3o de uma c\u00e2mara de compensa\u00e7\u00e3o para reduzir o pre\u00e7o dos combust\u00edveis. \u201cParte do lucro alt\u00edssimo da Petrobras deveria ser usado nisso\u201d, afirmou ao Correio. O lucro da empresa no primeiro trimestre deste ano foi de R$ 44,5 bilh\u00f5es. \u201c\u00c9 preciso devolver parte desse montante extraordin\u00e1rio \u00e0 sociedade. \u00c9 preciso [&hellip;]<\/p>\n","protected":false},"author":125,"featured_media":7997,"comment_status":"open","ping_status":"open","sticky":false,"template":"","format":"standard","meta":{"footnotes":""},"categories":[6],"tags":[1056,505,378,304,352,70],"class_list":["post-7992","post","type-post","status-publish","format-standard","has-post-thumbnail","hentry","category-coluna-capital-s-a","tag-almoco","tag-combustiveis","tag-icms","tag-lucro","tag-petrobras","tag-ibaneis"],"_links":{"self":[{"href":"https:\/\/blogs.correiobraziliense.com.br\/capital-sa\/wp-json\/wp\/v2\/posts\/7992","targetHints":{"allow":["GET"]}}],"collection":[{"href":"https:\/\/blogs.correiobraziliense.com.br\/capital-sa\/wp-json\/wp\/v2\/posts"}],"about":[{"href":"https:\/\/blogs.correiobraziliense.com.br\/capital-sa\/wp-json\/wp\/v2\/types\/post"}],"author":[{"embeddable":true,"href":"https:\/\/blogs.correiobraziliense.com.br\/capital-sa\/wp-json\/wp\/v2\/users\/125"}],"replies":[{"embeddable":true,"href":"https:\/\/blogs.correiobraziliense.com.br\/capital-sa\/wp-json\/wp\/v2\/comments?post=7992"}],"version-history":[{"count":20,"href":"https:\/\/blogs.correiobraziliense.com.br\/capital-sa\/wp-json\/wp\/v2\/posts\/7992\/revisions"}],"predecessor-version":[{"id":8013,"href":"https:\/\/blogs.correiobraziliense.com.br\/capital-sa\/wp-json\/wp\/v2\/posts\/7992\/revisions\/8013"}],"wp:featuredmedia":[{"embeddable":true,"href":"https:\/\/blogs.correiobraziliense.com.br\/capital-sa\/wp-json\/wp\/v2\/media\/7997"}],"wp:attachment":[{"href":"https:\/\/blogs.correiobraziliense.com.br\/capital-sa\/wp-json\/wp\/v2\/media?parent=7992"}],"wp:term":[{"taxonomy":"category","embeddable":true,"href":"https:\/\/blogs.correiobraziliense.com.br\/capital-sa\/wp-json\/wp\/v2\/categories?post=7992"},{"taxonomy":"post_tag","embeddable":true,"href":"https:\/\/blogs.correiobraziliense.com.br\/capital-sa\/wp-json\/wp\/v2\/tags?post=7992"}],"curies":[{"name":"wp","href":"https:\/\/api.w.org\/{rel}","templated":true}]}}