{"id":7983,"date":"2022-05-17T16:04:54","date_gmt":"2022-05-17T19:04:54","guid":{"rendered":"https:\/\/blogs.correiobraziliense.com.br\/capital-sa\/?p=7983"},"modified":"2022-05-24T08:42:32","modified_gmt":"2022-05-24T11:42:32","slug":"terracap-faz-chamamento-para-regularizar-clubes","status":"publish","type":"post","link":"https:\/\/blogs.correiobraziliense.com.br\/capital-sa\/2022\/05\/17\/terracap-faz-chamamento-para-regularizar-clubes\/","title":{"rendered":"Terracap faz chamamento para regularizar clubes"},"content":{"rendered":"<p class=\"p1\"><span class=\"s1\">Por Samanta Sallum\u00a0<\/span><\/p>\n<p class=\"p1\"><span class=\"s1\">Cerca de 100 clubes ter\u00e3o a possibilidade de regularizarem a ocupa\u00e7\u00e3o no Distrito Federal. Muitos, como o Cota Mil, t\u00eam permiss\u00f5es prec\u00e1rias de uso de \u00e1rea p\u00fablica concedidas h\u00e1 mais de 30 anos. A Terracap divulgou ontem o chamamento p\u00fablico para que as associa\u00e7\u00f5es apresentem documenta\u00e7\u00e3o para iniciar o processo. O prazo se encerra em 7 de julho.<\/span><\/p>\n<p class=\"p1\"><span class=\"s1\"><b>Aruc ganhar\u00e1 terreno <\/b><\/span><\/p>\n<p class=\"p1\"><span class=\"s1\">O primeiro clube do DF a obter a escritura do terreno foi o Vizinhan\u00e7a, da 108 Sul. O governador Ibaneis Rocha foi pessoalmente, h\u00e1 3 semanas, entregar o documento, esperado h\u00e1 61 anos. O pr\u00f3ximo ser\u00e1 a Aruc, no Cruzeiro.<br \/>\n<\/span><\/p>\n<p class=\"p1\"><span class=\"s1\">\u00a0&#8220;O terreno est\u00e1 ainda no nome do DF , ser\u00e1 transferido em breve para a Terracap e, com a Lei Distrital 6.888, vamos finalmente garantir o terreno para Aruc&#8221; , disse Leonardo Mundim, diretor de Regulariza\u00e7\u00e3o Social da Terracap.<\/span><\/p>\n<p class=\"p1\"><span class=\"s1\"><b>Moeda social<\/b><\/span><\/p>\n<p class=\"p1\"><span class=\"s1\">Os clubes, em contrapartida, poder\u00e3o optar como forma de pagamento a &#8220;moeda social&#8221;. Ou seja, realizarem projetos culturais, esportivos e de capacita\u00e7\u00e3o profissional para jovens e adultos em vulnerabilidade social. &#8220;Estamos promovendo<span class=\"Apple-converted-space\">\u00a0<\/span>um<span class=\"Apple-converted-space\">\u00a0<\/span>grande avan\u00e7o nesta \u00e1rea. H\u00e1 d\u00e9cadas essa medidas eram aguardadas&#8221; , destacou Mundim.<\/span><\/p>\n<p class=\"p1\"><span class=\"s1\"><b>PPCUB vai avaliar explora\u00e7\u00e3o comercial de clubes na orla <\/b><\/span><\/p>\n<p class=\"p1\">O Plano de Prote\u00e7\u00e3o ao Complexo Urban\u00edstico de Bras\u00cdlia (PPCUB) ser\u00e1 enviado \u00e0 C\u00e2mara Legislativa at\u00e9 o final do ano, depois de passar por audi\u00eancia p\u00fablica. Uma das pautas \u00e9 a possibilidade de amplia\u00e7\u00e3o de explora\u00e7\u00e3o comercial dos clubes recreativos, principalmente os localizados em \u00e1rea nobre, como a orla do Lago Parano\u00e1.<\/p>\n<p>&nbsp;<\/p>\n","protected":false},"excerpt":{"rendered":"<p>Por Samanta Sallum\u00a0 Cerca de 100 clubes ter\u00e3o a possibilidade de regularizarem a ocupa\u00e7\u00e3o no Distrito Federal. Muitos, como o Cota Mil, t\u00eam permiss\u00f5es prec\u00e1rias de uso de \u00e1rea p\u00fablica concedidas h\u00e1 mais de 30 anos. A Terracap divulgou ontem o chamamento p\u00fablico para que as associa\u00e7\u00f5es apresentem documenta\u00e7\u00e3o para iniciar o processo. O prazo se encerra em 7 de [&hellip;]<\/p>\n","protected":false},"author":125,"featured_media":7989,"comment_status":"open","ping_status":"open","sticky":false,"template":"","format":"standard","meta":{"footnotes":""},"categories":[6],"tags":[1058,692,414,1057,1060,1059,70],"class_list":["post-7983","post","type-post","status-publish","format-standard","has-post-thumbnail","hentry","category-coluna-capital-s-a","tag-aruc","tag-clubes","tag-regularizacao","tag-terracap","tag-terreno","tag-vizinhanca","tag-ibaneis"],"_links":{"self":[{"href":"https:\/\/blogs.correiobraziliense.com.br\/capital-sa\/wp-json\/wp\/v2\/posts\/7983","targetHints":{"allow":["GET"]}}],"collection":[{"href":"https:\/\/blogs.correiobraziliense.com.br\/capital-sa\/wp-json\/wp\/v2\/posts"}],"about":[{"href":"https:\/\/blogs.correiobraziliense.com.br\/capital-sa\/wp-json\/wp\/v2\/types\/post"}],"author":[{"embeddable":true,"href":"https:\/\/blogs.correiobraziliense.com.br\/capital-sa\/wp-json\/wp\/v2\/users\/125"}],"replies":[{"embeddable":true,"href":"https:\/\/blogs.correiobraziliense.com.br\/capital-sa\/wp-json\/wp\/v2\/comments?post=7983"}],"version-history":[{"count":8,"href":"https:\/\/blogs.correiobraziliense.com.br\/capital-sa\/wp-json\/wp\/v2\/posts\/7983\/revisions"}],"predecessor-version":[{"id":8025,"href":"https:\/\/blogs.correiobraziliense.com.br\/capital-sa\/wp-json\/wp\/v2\/posts\/7983\/revisions\/8025"}],"wp:featuredmedia":[{"embeddable":true,"href":"https:\/\/blogs.correiobraziliense.com.br\/capital-sa\/wp-json\/wp\/v2\/media\/7989"}],"wp:attachment":[{"href":"https:\/\/blogs.correiobraziliense.com.br\/capital-sa\/wp-json\/wp\/v2\/media?parent=7983"}],"wp:term":[{"taxonomy":"category","embeddable":true,"href":"https:\/\/blogs.correiobraziliense.com.br\/capital-sa\/wp-json\/wp\/v2\/categories?post=7983"},{"taxonomy":"post_tag","embeddable":true,"href":"https:\/\/blogs.correiobraziliense.com.br\/capital-sa\/wp-json\/wp\/v2\/tags?post=7983"}],"curies":[{"name":"wp","href":"https:\/\/api.w.org\/{rel}","templated":true}]}}