{"id":7976,"date":"2022-05-17T09:18:16","date_gmt":"2022-05-17T12:18:16","guid":{"rendered":"https:\/\/blogs.correiobraziliense.com.br\/capital-sa\/?p=7976"},"modified":"2022-05-17T13:38:44","modified_gmt":"2022-05-17T16:38:44","slug":"proxima-etapa-da-luos-vai-mudar-modelo-de-ocupacao-do-sia","status":"publish","type":"post","link":"https:\/\/blogs.correiobraziliense.com.br\/capital-sa\/2022\/05\/17\/proxima-etapa-da-luos-vai-mudar-modelo-de-ocupacao-do-sia\/","title":{"rendered":"Pr\u00f3xima etapa da Luos vai mudar modelo de ocupa\u00e7\u00e3o do SIA"},"content":{"rendered":"<p class=\"p1\"><span class=\"s1\">Por Samanta Sallum <\/span><\/p>\n<p class=\"p1\"><span class=\"s1\">A revis\u00e3o da Lei de Uso e Ocupa\u00e7\u00e3o do Solo do Distrito Federal (Luos) segue agora para uma nova fase. A primeira etapa mais geral foi conclu\u00edda em abril, com a san\u00e7\u00e3o pelo GDF da lei aprovada na C\u00e2mara Legislativa em mar\u00e7o. Agora, as an\u00e1lises ser\u00e3o mais espec\u00edficas por regi\u00f5es administrativas. O SIA est\u00e1 no primeiro bloco a ser avaliado.<br \/>\n<\/span><\/p>\n<p class=\"p1\"><span class=\"s1\">Um novo projeto de lei ser\u00e1 encaminhado pela Seduh aos deputados distritais para readequar as atividades comerciais tamb\u00e9m em Taguatinga, Planaltina, Guar\u00e1 e Santa Maria.<\/span><\/p>\n<p class=\"p1\"><span class=\"s1\"><b>Desenvolvimento econ\u00f4mico\u00a0<\/b><\/span><\/p>\n<p class=\"p1\"><span class=\"s1\">\u201cO objetivo \u00e9 otimizar a ocupa\u00e7\u00e3o dos espa\u00e7os urbanos, ajudando no desenvolvimento econ\u00f4mico de regi\u00f5es fora do Plano Piloto. E, assim, estimular<span class=\"Apple-converted-space\">\u00a0 <\/span>a gera\u00e7\u00e3o de empregos\u201d, explicou o secret\u00e1rio de Desenvolvimento Urbano do DF, Mateus Oliveira.<\/span><\/p>\n<p class=\"p1\"><span class=\"s1\">Em rela\u00e7\u00e3o ao SIA, a perspectiva \u00e9<span class=\"Apple-converted-space\">\u00a0<\/span>permitir uma variedade maior de atividades. &#8220;Hoje, a regi\u00e3o est\u00e1 restrita a ocupa\u00e7\u00f5es industriais de grande porte. O que torna a \u00e1rea deserta e ociosa \u00e0 noite e aos finais de semana. \u00c9 preciso levar mais op\u00e7\u00f5es de uso&#8221;, aponta o secret\u00e1rio.<\/span><\/p>\n","protected":false},"excerpt":{"rendered":"<p>Por Samanta Sallum A revis\u00e3o da Lei de Uso e Ocupa\u00e7\u00e3o do Solo do Distrito Federal (Luos) segue agora para uma nova fase. A primeira etapa mais geral foi conclu\u00edda em abril, com a san\u00e7\u00e3o pelo GDF da lei aprovada na C\u00e2mara Legislativa em mar\u00e7o. Agora, as an\u00e1lises ser\u00e3o mais espec\u00edficas por regi\u00f5es administrativas. O SIA est\u00e1 no primeiro bloco [&hellip;]<\/p>\n","protected":false},"author":125,"featured_media":7979,"comment_status":"open","ping_status":"open","sticky":false,"template":"","format":"standard","meta":{"footnotes":""},"categories":[6],"tags":[1055,962,276,624,415,1054,1053],"class_list":["post-7976","post","type-post","status-publish","format-standard","has-post-thumbnail","hentry","category-coluna-capital-s-a","tag-atividades","tag-desenvolvimento","tag-economia","tag-luos","tag-ocupacao","tag-seduh","tag-sia"],"_links":{"self":[{"href":"https:\/\/blogs.correiobraziliense.com.br\/capital-sa\/wp-json\/wp\/v2\/posts\/7976","targetHints":{"allow":["GET"]}}],"collection":[{"href":"https:\/\/blogs.correiobraziliense.com.br\/capital-sa\/wp-json\/wp\/v2\/posts"}],"about":[{"href":"https:\/\/blogs.correiobraziliense.com.br\/capital-sa\/wp-json\/wp\/v2\/types\/post"}],"author":[{"embeddable":true,"href":"https:\/\/blogs.correiobraziliense.com.br\/capital-sa\/wp-json\/wp\/v2\/users\/125"}],"replies":[{"embeddable":true,"href":"https:\/\/blogs.correiobraziliense.com.br\/capital-sa\/wp-json\/wp\/v2\/comments?post=7976"}],"version-history":[{"count":5,"href":"https:\/\/blogs.correiobraziliense.com.br\/capital-sa\/wp-json\/wp\/v2\/posts\/7976\/revisions"}],"predecessor-version":[{"id":7982,"href":"https:\/\/blogs.correiobraziliense.com.br\/capital-sa\/wp-json\/wp\/v2\/posts\/7976\/revisions\/7982"}],"wp:featuredmedia":[{"embeddable":true,"href":"https:\/\/blogs.correiobraziliense.com.br\/capital-sa\/wp-json\/wp\/v2\/media\/7979"}],"wp:attachment":[{"href":"https:\/\/blogs.correiobraziliense.com.br\/capital-sa\/wp-json\/wp\/v2\/media?parent=7976"}],"wp:term":[{"taxonomy":"category","embeddable":true,"href":"https:\/\/blogs.correiobraziliense.com.br\/capital-sa\/wp-json\/wp\/v2\/categories?post=7976"},{"taxonomy":"post_tag","embeddable":true,"href":"https:\/\/blogs.correiobraziliense.com.br\/capital-sa\/wp-json\/wp\/v2\/tags?post=7976"}],"curies":[{"name":"wp","href":"https:\/\/api.w.org\/{rel}","templated":true}]}}