{"id":7931,"date":"2022-05-10T16:18:32","date_gmt":"2022-05-10T19:18:32","guid":{"rendered":"https:\/\/blogs.correiobraziliense.com.br\/capital-sa\/?p=7931"},"modified":"2022-05-10T16:47:36","modified_gmt":"2022-05-10T19:47:36","slug":"plano-piloto-e-aguas-claras-concentram-casos-de-covid-no-df","status":"publish","type":"post","link":"https:\/\/blogs.correiobraziliense.com.br\/capital-sa\/2022\/05\/10\/plano-piloto-e-aguas-claras-concentram-casos-de-covid-no-df\/","title":{"rendered":"Plano Piloto e \u00c1guas Claras concentram casos de Covid no DF"},"content":{"rendered":"<p>Por Samanta Sallum<\/p>\n<p class=\"p2\"><span class=\"s1\">O Distrito Federal ocupa a 4\u00aa coloca\u00e7\u00e3o em n\u00famero de casos de Covid-19<span class=\"Apple-converted-space\">\u00a0<\/span>por 100 mil habitantes entre as Unidades da Federa\u00e7\u00e3o. Est\u00e1 na 15\u00aa posi\u00e7\u00e3o em n\u00famero de \u00f3bitos. Considerando o per\u00edodo entre 2\/5\/2022 e 8\/5\/2022, registrou-se aumento de 20,59% do n\u00famero de novos casos no DF em rela\u00e7\u00e3o \u00e0 semana anterior. <\/span><\/p>\n<p class=\"p2\"><span class=\"s1\">Com isso, o DF \u00e9 o 5\u00ba colocado entre as UFs na varia\u00e7\u00e3o proporcional do n\u00famero de novos casos no per\u00edodo. Em compensa\u00e7\u00e3o, houve queda de 30,77% de \u00f3bitos. O balan\u00e7o consta no \u00faltimo boletim de monitoramento da pandemia feito pela Codeplan. Foi divulgado hoje no in\u00edcio da tarde. <\/span><\/p>\n<p class=\"p2\"><span class=\"s1\">Ap\u00f3s 77 dias de taxa de transmiss\u00e3o abaixo de 1, registraram-se taxas de 1,01 e 1,12 nos \u00faltimos dias. <\/span><\/p>\n<p class=\"p2\"><span class=\"s1\">Plano Piloto e \u00c1guas Claras s\u00e3o as duas RAs com mais casos confirmados nas \u00faltimas quatro semanas. Plano Piloto e Ceil\u00e2ndia lideram a lista de cidades com maior n\u00famero de \u00f3bitos<span class=\"Apple-converted-space\">\u00a0<\/span>nesse mesmo per\u00edodo.<\/span><\/p>\n<p>&nbsp;<\/p>\n","protected":false},"excerpt":{"rendered":"<p>Por Samanta Sallum O Distrito Federal ocupa a 4\u00aa coloca\u00e7\u00e3o em n\u00famero de casos de Covid-19\u00a0por 100 mil habitantes entre as Unidades da Federa\u00e7\u00e3o. Est\u00e1 na 15\u00aa posi\u00e7\u00e3o em n\u00famero de \u00f3bitos. Considerando o per\u00edodo entre 2\/5\/2022 e 8\/5\/2022, registrou-se aumento de 20,59% do n\u00famero de novos casos no DF em rela\u00e7\u00e3o \u00e0 semana anterior. Com isso, o DF \u00e9 [&hellip;]<\/p>\n","protected":false},"author":125,"featured_media":7936,"comment_status":"open","ping_status":"open","sticky":false,"template":"","format":"standard","meta":{"footnotes":""},"categories":[6],"tags":[906,703,224,332,1047,9,5],"class_list":["post-7931","post","type-post","status-publish","format-standard","has-post-thumbnail","hentry","category-coluna-capital-s-a","tag-boletim","tag-casos","tag-covid-19","tag-df","tag-numeros","tag-codeplan","tag-pandemia"],"_links":{"self":[{"href":"https:\/\/blogs.correiobraziliense.com.br\/capital-sa\/wp-json\/wp\/v2\/posts\/7931","targetHints":{"allow":["GET"]}}],"collection":[{"href":"https:\/\/blogs.correiobraziliense.com.br\/capital-sa\/wp-json\/wp\/v2\/posts"}],"about":[{"href":"https:\/\/blogs.correiobraziliense.com.br\/capital-sa\/wp-json\/wp\/v2\/types\/post"}],"author":[{"embeddable":true,"href":"https:\/\/blogs.correiobraziliense.com.br\/capital-sa\/wp-json\/wp\/v2\/users\/125"}],"replies":[{"embeddable":true,"href":"https:\/\/blogs.correiobraziliense.com.br\/capital-sa\/wp-json\/wp\/v2\/comments?post=7931"}],"version-history":[{"count":9,"href":"https:\/\/blogs.correiobraziliense.com.br\/capital-sa\/wp-json\/wp\/v2\/posts\/7931\/revisions"}],"predecessor-version":[{"id":7941,"href":"https:\/\/blogs.correiobraziliense.com.br\/capital-sa\/wp-json\/wp\/v2\/posts\/7931\/revisions\/7941"}],"wp:featuredmedia":[{"embeddable":true,"href":"https:\/\/blogs.correiobraziliense.com.br\/capital-sa\/wp-json\/wp\/v2\/media\/7936"}],"wp:attachment":[{"href":"https:\/\/blogs.correiobraziliense.com.br\/capital-sa\/wp-json\/wp\/v2\/media?parent=7931"}],"wp:term":[{"taxonomy":"category","embeddable":true,"href":"https:\/\/blogs.correiobraziliense.com.br\/capital-sa\/wp-json\/wp\/v2\/categories?post=7931"},{"taxonomy":"post_tag","embeddable":true,"href":"https:\/\/blogs.correiobraziliense.com.br\/capital-sa\/wp-json\/wp\/v2\/tags?post=7931"}],"curies":[{"name":"wp","href":"https:\/\/api.w.org\/{rel}","templated":true}]}}