{"id":7919,"date":"2022-05-09T08:18:35","date_gmt":"2022-05-09T11:18:35","guid":{"rendered":"https:\/\/blogs.correiobraziliense.com.br\/capital-sa\/?p=7919"},"modified":"2022-05-09T14:17:54","modified_gmt":"2022-05-09T17:17:54","slug":"casal-produz-cogumelos-comestiveis-e-medicinais-em-sobradinho","status":"publish","type":"post","link":"https:\/\/blogs.correiobraziliense.com.br\/capital-sa\/2022\/05\/09\/casal-produz-cogumelos-comestiveis-e-medicinais-em-sobradinho\/","title":{"rendered":"Casal produz cogumelos comest\u00edveis e medicinais em Sobradinho"},"content":{"rendered":"<p class=\"p1\">Por Samanta Sallum<\/p>\n<p class=\"p1\"><span class=\"s2\">Uma pequena propriedade rural, em Sobradinho, foi o espa\u00e7o encontrado pelo casal T\u00falio Santana, 39, e Val\u00e9ria Santana, 41, para iniciar a realiza\u00e7\u00e3o de um sonho antigo: trabalhar juntos, \u00e0 frente de um neg\u00f3cio pr\u00f3prio. O dois, que est\u00e3o juntos desde que cursavam engenharia agron\u00f4mica na Universidade Federal de Sergipe (UFS), s\u00e3o os fundadores e gestores do <\/span><span class=\"s3\">Grupo Stelli\u00e1<\/span><span class=\"s2\">, uma empresa genuinamente brasiliense que cultiva e comercializa cogumelos org\u00e2nicos. O produto pode ser utilizado tanto na culin\u00e1ria quanto na medicina.<\/span><\/p>\n<p class=\"p1\"><span class=\"s2\"><b>Homenagem \u00e0s filhas <\/b><\/span><\/p>\n<p class=\"p1\"><span class=\"s2\">A marca foi oficialmente criada em 2018, com o apoio do Sebrae no Distrito Federal, e recebeu o nome em refer\u00eancia \u00e0s duas primeiras filhas do casal, Stella e Maria J\u00falia, hoje, respectivamente com 9 e 7 anos.<\/span><\/p>\n<p class=\"p1\"><span class=\"s2\"><b>Restaurantes <\/b><\/span><\/p>\n<p class=\"p1\"><span class=\"s2\">Semanalmente, a marca colhe cogumelos suficientes para produzir entre 600 e 700 bandejas, que s\u00e3o comercializadas para mais de 50 restaurantes e supermercados localizados na capital federal.<\/span><\/p>\n<p><img loading=\"lazy\" decoding=\"async\" class=\"aligncenter size-medium wp-image-7923\" src=\"https:\/\/blogs.correiobraziliense.com.br\/capital-sa\/wp-content\/uploads\/sites\/59\/2022\/05\/0430834D-C7A4-4A9F-B175-C85FDCC4E1C6-300x300.jpeg\" alt=\"\" width=\"300\" height=\"300\" srcset=\"https:\/\/blogs.correiobraziliense.com.br\/capital-sa\/wp-content\/uploads\/sites\/59\/2022\/05\/0430834D-C7A4-4A9F-B175-C85FDCC4E1C6-300x300.jpeg 300w, https:\/\/blogs.correiobraziliense.com.br\/capital-sa\/wp-content\/uploads\/sites\/59\/2022\/05\/0430834D-C7A4-4A9F-B175-C85FDCC4E1C6-150x150.jpeg 150w, https:\/\/blogs.correiobraziliense.com.br\/capital-sa\/wp-content\/uploads\/sites\/59\/2022\/05\/0430834D-C7A4-4A9F-B175-C85FDCC4E1C6-768x768.jpeg 768w, https:\/\/blogs.correiobraziliense.com.br\/capital-sa\/wp-content\/uploads\/sites\/59\/2022\/05\/0430834D-C7A4-4A9F-B175-C85FDCC4E1C6-800x800.jpeg 800w, https:\/\/blogs.correiobraziliense.com.br\/capital-sa\/wp-content\/uploads\/sites\/59\/2022\/05\/0430834D-C7A4-4A9F-B175-C85FDCC4E1C6-550x550.jpeg 550w, https:\/\/blogs.correiobraziliense.com.br\/capital-sa\/wp-content\/uploads\/sites\/59\/2022\/05\/0430834D-C7A4-4A9F-B175-C85FDCC4E1C6-230x230.jpeg 230w, https:\/\/blogs.correiobraziliense.com.br\/capital-sa\/wp-content\/uploads\/sites\/59\/2022\/05\/0430834D-C7A4-4A9F-B175-C85FDCC4E1C6.jpeg 1024w\" sizes=\"auto, (max-width: 300px) 100vw, 300px\" \/><\/p>\n<p class=\"p1\"><span class=\"s2\"><b>Estufas<\/b><\/span><\/p>\n<p class=\"p1\"><span class=\"s2\">A produ\u00e7\u00e3o dos cogumelos, atualmente, \u00e9 toda feita em estufas, com controle de temperatura, umidade e com a adi\u00e7\u00e3o de substrato, uma esp\u00e9cie de material que tem como fun\u00e7\u00e3o prover sustenta\u00e7\u00e3o e tamb\u00e9m nutrientes para o crescimento de cogumelos do tipo <\/span><span class=\"s3\">shimejis <\/span><span class=\"s2\">\u2013 brancos e pretos \u2013, <\/span><span class=\"s3\">erynguis<\/span><span class=\"s2\">, <\/span><span class=\"s3\">shitakes<\/span><span class=\"s2\">, ganodermas e jubas-de-le\u00e3o.<\/span><\/p>\n<p class=\"p1\"><span class=\"s2\"><b>Competindo com SP<\/b><\/span><\/p>\n<p class=\"p1\"><span class=\"s2\">\u201cO nosso diferencial \u00e9 que apresentamos um produto muito fresco ao consumidor. A gente colhe e entrega no mesmo dia, e assim conseguimos fazer frente ao mercado de S\u00e3o Paulo, que \u00e9 o mais forte do pa\u00eds.\u00a0Os cogumelos que v\u00eam de l\u00e1 demoram, em m\u00e9dia, dois ou tr\u00eas dias para chegar at\u00e9 a mesa do consumidor brasiliense, e o nosso, n\u00e3o. Colheu pela manh\u00e3, \u00e0 tarde j\u00e1 est\u00e1 no ponto de venda\u201d, explica T\u00falio.<\/span><\/p>\n","protected":false},"excerpt":{"rendered":"<p>Por Samanta Sallum Uma pequena propriedade rural, em Sobradinho, foi o espa\u00e7o encontrado pelo casal T\u00falio Santana, 39, e Val\u00e9ria Santana, 41, para iniciar a realiza\u00e7\u00e3o de um sonho antigo: trabalhar juntos, \u00e0 frente de um neg\u00f3cio pr\u00f3prio. O dois, que est\u00e3o juntos desde que cursavam engenharia agron\u00f4mica na Universidade Federal de Sergipe (UFS), s\u00e3o os fundadores e gestores do [&hellip;]<\/p>\n","protected":false},"author":125,"featured_media":7922,"comment_status":"open","ping_status":"open","sticky":false,"template":"","format":"standard","meta":{"footnotes":""},"categories":[6],"tags":[1045,744,1046,10,2],"class_list":["post-7919","post","type-post","status-publish","format-standard","has-post-thumbnail","hentry","category-coluna-capital-s-a","tag-cogumelos","tag-producao","tag-stellia","tag-comercio","tag-empreendedorismo"],"_links":{"self":[{"href":"https:\/\/blogs.correiobraziliense.com.br\/capital-sa\/wp-json\/wp\/v2\/posts\/7919","targetHints":{"allow":["GET"]}}],"collection":[{"href":"https:\/\/blogs.correiobraziliense.com.br\/capital-sa\/wp-json\/wp\/v2\/posts"}],"about":[{"href":"https:\/\/blogs.correiobraziliense.com.br\/capital-sa\/wp-json\/wp\/v2\/types\/post"}],"author":[{"embeddable":true,"href":"https:\/\/blogs.correiobraziliense.com.br\/capital-sa\/wp-json\/wp\/v2\/users\/125"}],"replies":[{"embeddable":true,"href":"https:\/\/blogs.correiobraziliense.com.br\/capital-sa\/wp-json\/wp\/v2\/comments?post=7919"}],"version-history":[{"count":5,"href":"https:\/\/blogs.correiobraziliense.com.br\/capital-sa\/wp-json\/wp\/v2\/posts\/7919\/revisions"}],"predecessor-version":[{"id":7930,"href":"https:\/\/blogs.correiobraziliense.com.br\/capital-sa\/wp-json\/wp\/v2\/posts\/7919\/revisions\/7930"}],"wp:featuredmedia":[{"embeddable":true,"href":"https:\/\/blogs.correiobraziliense.com.br\/capital-sa\/wp-json\/wp\/v2\/media\/7922"}],"wp:attachment":[{"href":"https:\/\/blogs.correiobraziliense.com.br\/capital-sa\/wp-json\/wp\/v2\/media?parent=7919"}],"wp:term":[{"taxonomy":"category","embeddable":true,"href":"https:\/\/blogs.correiobraziliense.com.br\/capital-sa\/wp-json\/wp\/v2\/categories?post=7919"},{"taxonomy":"post_tag","embeddable":true,"href":"https:\/\/blogs.correiobraziliense.com.br\/capital-sa\/wp-json\/wp\/v2\/tags?post=7919"}],"curies":[{"name":"wp","href":"https:\/\/api.w.org\/{rel}","templated":true}]}}