{"id":790,"date":"2020-11-27T08:33:52","date_gmt":"2020-11-27T11:33:52","guid":{"rendered":"https:\/\/blogs.correiobraziliense.com.br\/capital-sa\/?p=790"},"modified":"2020-11-27T10:41:13","modified_gmt":"2020-11-27T13:41:13","slug":"opera-inspira-designer","status":"publish","type":"post","link":"https:\/\/blogs.correiobraziliense.com.br\/capital-sa\/2020\/11\/27\/opera-inspira-designer\/","title":{"rendered":"Soprano brasiliense \u00e9 modelo de cole\u00e7\u00e3o de joias"},"content":{"rendered":"<p>Quando uma artista pl\u00e1stica se une a uma cantora l\u00edrica, por um projeto comercial,\u00a0o resultado s\u00e3o vendas em formato po\u00e9tico e dando espa\u00e7o \u00e0 cultura. V\u00e2nia Ladeira desenvolveu a mais nova cole\u00e7\u00e3o de joias inspirada em personagens de grandes \u00f3peras. A\u00a0jovem soprano Manuela Korrossy personificou a inspira\u00e7\u00e3o da designer. V\u00e2nia \u00e9 mineira, e Manuela, brasiliense. As duas t\u00eam em comum a UnB. Uma foi aluna de artes pl\u00e1sticas; outra inicia o curso de m\u00fasica.<\/p>\n<p>Manuela j\u00e1 se apresenta em recitais da cidade desde os 16 anos. E estreou nos grandes palcos a convite do maestro Claudio Cohen, da Orquestra do Teatro Nacional Claudio Santoro , no evento Iate in Concert, h\u00e1 pouco mais de 1 ano.<\/p>\n<p><img loading=\"lazy\" decoding=\"async\" class=\"aligncenter size-medium wp-image-801\" src=\"https:\/\/blogs.correiobraziliense.com.br\/capital-sa\/wp-content\/uploads\/sites\/59\/2020\/11\/bdce35f9-7a22-41fc-a377-71fcbf1ef2be-258x300.jpg\" alt=\"\" width=\"258\" height=\"300\" srcset=\"https:\/\/blogs.correiobraziliense.com.br\/capital-sa\/wp-content\/uploads\/sites\/59\/2020\/11\/bdce35f9-7a22-41fc-a377-71fcbf1ef2be-258x300.jpg 258w, https:\/\/blogs.correiobraziliense.com.br\/capital-sa\/wp-content\/uploads\/sites\/59\/2020\/11\/bdce35f9-7a22-41fc-a377-71fcbf1ef2be-230x268.jpg 230w, https:\/\/blogs.correiobraziliense.com.br\/capital-sa\/wp-content\/uploads\/sites\/59\/2020\/11\/bdce35f9-7a22-41fc-a377-71fcbf1ef2be.jpg 353w\" sizes=\"auto, (max-width: 258px) 100vw, 258px\" \/><\/p>\n<p>V\u00e2nia est\u00e1 celebrando 11 anos da joalheria, que tem seu nome. Ela convidou Manuela, 19 anos, para ser a modelo da cole\u00e7\u00e3o \u00d3pera. Al\u00e9m disso, a cantora far\u00e1 uma apresenta\u00e7\u00e3o especial no pr\u00f3ximo s\u00e1bado com o tenor Arthur Feliz e o maestro Deyvison Miranda. O recital ser\u00e1 \u00e0s 17h, pelo Instagram da loja,\u00a0<em>@vladeira<\/em>.<\/p>\n<h3>Delicadeza\u00a0e exuber\u00e2ncia<\/h3>\n<p><img loading=\"lazy\" decoding=\"async\" class=\"aligncenter size-medium wp-image-792\" src=\"https:\/\/blogs.correiobraziliense.com.br\/capital-sa\/wp-content\/uploads\/sites\/59\/2020\/11\/ba2f167f-7145-468c-8617-fc091d583ed3-298x300.jpg\" alt=\"\" width=\"298\" height=\"300\" srcset=\"https:\/\/blogs.correiobraziliense.com.br\/capital-sa\/wp-content\/uploads\/sites\/59\/2020\/11\/ba2f167f-7145-468c-8617-fc091d583ed3-298x300.jpg 298w, https:\/\/blogs.correiobraziliense.com.br\/capital-sa\/wp-content\/uploads\/sites\/59\/2020\/11\/ba2f167f-7145-468c-8617-fc091d583ed3-150x150.jpg 150w, https:\/\/blogs.correiobraziliense.com.br\/capital-sa\/wp-content\/uploads\/sites\/59\/2020\/11\/ba2f167f-7145-468c-8617-fc091d583ed3-768x774.jpg 768w, https:\/\/blogs.correiobraziliense.com.br\/capital-sa\/wp-content\/uploads\/sites\/59\/2020\/11\/ba2f167f-7145-468c-8617-fc091d583ed3-800x806.jpg 800w, https:\/\/blogs.correiobraziliense.com.br\/capital-sa\/wp-content\/uploads\/sites\/59\/2020\/11\/ba2f167f-7145-468c-8617-fc091d583ed3-550x554.jpg 550w, https:\/\/blogs.correiobraziliense.com.br\/capital-sa\/wp-content\/uploads\/sites\/59\/2020\/11\/ba2f167f-7145-468c-8617-fc091d583ed3-230x232.jpg 230w, https:\/\/blogs.correiobraziliense.com.br\/capital-sa\/wp-content\/uploads\/sites\/59\/2020\/11\/ba2f167f-7145-468c-8617-fc091d583ed3.jpg 834w\" sizes=\"auto, (max-width: 298px) 100vw, 298px\" \/><\/p>\n<blockquote><p>\u201cEstamos vivendo um momento de grande reflex\u00e3o que me trouxe o desejo de inovar no lan\u00e7amento da cole\u00e7\u00e3o. Mineira como sou, sempre trago forte tra\u00e7o barroco nas minhas cria\u00e7\u00f5es. Escolhi a \u00f3pera como tema porque \u00f3pera \u00e9 a arte que resume todas as artes.\u00a0Selecionei os materiais da alta joalheria tradicional, como ouro, diamantes e p\u00e9rolas, que ora simbolizam a delicadeza, ora a for\u00e7a e a\u00a0exuber\u00e2ncia\u00a0das personagens.\u201d<\/p><\/blockquote>\n<p>A joalheria fica na 213 Norte.<\/p>\n<p><img loading=\"lazy\" decoding=\"async\" class=\"aligncenter size-medium wp-image-800\" src=\"https:\/\/blogs.correiobraziliense.com.br\/capital-sa\/wp-content\/uploads\/sites\/59\/2020\/11\/77c26ff3-d83c-4b78-9f34-abfe942bc426-300x217.jpg\" alt=\"\" width=\"300\" height=\"217\" srcset=\"https:\/\/blogs.correiobraziliense.com.br\/capital-sa\/wp-content\/uploads\/sites\/59\/2020\/11\/77c26ff3-d83c-4b78-9f34-abfe942bc426-300x217.jpg 300w, https:\/\/blogs.correiobraziliense.com.br\/capital-sa\/wp-content\/uploads\/sites\/59\/2020\/11\/77c26ff3-d83c-4b78-9f34-abfe942bc426-768x554.jpg 768w, https:\/\/blogs.correiobraziliense.com.br\/capital-sa\/wp-content\/uploads\/sites\/59\/2020\/11\/77c26ff3-d83c-4b78-9f34-abfe942bc426-800x578.jpg 800w, https:\/\/blogs.correiobraziliense.com.br\/capital-sa\/wp-content\/uploads\/sites\/59\/2020\/11\/77c26ff3-d83c-4b78-9f34-abfe942bc426-550x397.jpg 550w, https:\/\/blogs.correiobraziliense.com.br\/capital-sa\/wp-content\/uploads\/sites\/59\/2020\/11\/77c26ff3-d83c-4b78-9f34-abfe942bc426-230x166.jpg 230w, https:\/\/blogs.correiobraziliense.com.br\/capital-sa\/wp-content\/uploads\/sites\/59\/2020\/11\/77c26ff3-d83c-4b78-9f34-abfe942bc426.jpg 960w\" sizes=\"auto, (max-width: 300px) 100vw, 300px\" \/><\/p>\n<p><img loading=\"lazy\" decoding=\"async\" class=\"aligncenter size-medium wp-image-794\" src=\"https:\/\/blogs.correiobraziliense.com.br\/capital-sa\/wp-content\/uploads\/sites\/59\/2020\/11\/mb-248x300.jpg\" alt=\"\" width=\"248\" height=\"300\" srcset=\"https:\/\/blogs.correiobraziliense.com.br\/capital-sa\/wp-content\/uploads\/sites\/59\/2020\/11\/mb-248x300.jpg 248w, https:\/\/blogs.correiobraziliense.com.br\/capital-sa\/wp-content\/uploads\/sites\/59\/2020\/11\/mb-768x929.jpg 768w, https:\/\/blogs.correiobraziliense.com.br\/capital-sa\/wp-content\/uploads\/sites\/59\/2020\/11\/mb-800x967.jpg 800w, https:\/\/blogs.correiobraziliense.com.br\/capital-sa\/wp-content\/uploads\/sites\/59\/2020\/11\/mb-550x665.jpg 550w, https:\/\/blogs.correiobraziliense.com.br\/capital-sa\/wp-content\/uploads\/sites\/59\/2020\/11\/mb-230x278.jpg 230w, https:\/\/blogs.correiobraziliense.com.br\/capital-sa\/wp-content\/uploads\/sites\/59\/2020\/11\/mb.jpg 836w\" sizes=\"auto, (max-width: 248px) 100vw, 248px\" \/><\/p>\n<p>&nbsp;<\/p>\n<p>&nbsp;<\/p>\n","protected":false},"excerpt":{"rendered":"<p>Quando uma artista pl\u00e1stica se une a uma cantora l\u00edrica, por um projeto comercial,\u00a0o resultado s\u00e3o vendas em formato po\u00e9tico e dando espa\u00e7o \u00e0 cultura. V\u00e2nia Ladeira desenvolveu a mais nova cole\u00e7\u00e3o de joias inspirada em personagens de grandes \u00f3peras. A\u00a0jovem soprano Manuela Korrossy personificou a inspira\u00e7\u00e3o da designer. V\u00e2nia \u00e9 mineira, e Manuela, brasiliense. As duas t\u00eam em comum [&hellip;]<\/p>\n","protected":false},"author":125,"featured_media":793,"comment_status":"open","ping_status":"open","sticky":false,"template":"","format":"standard","meta":{"footnotes":""},"categories":[6],"tags":[181,175,177,172,179,180,176,178],"class_list":["post-790","post","type-post","status-publish","format-standard","has-post-thumbnail","hentry","category-coluna-capital-s-a","tag-arte","tag-colecao","tag-designer","tag-joalheria","tag-manuela-korrossy","tag-musica","tag-opera","tag-vania-ladeira"],"_links":{"self":[{"href":"https:\/\/blogs.correiobraziliense.com.br\/capital-sa\/wp-json\/wp\/v2\/posts\/790","targetHints":{"allow":["GET"]}}],"collection":[{"href":"https:\/\/blogs.correiobraziliense.com.br\/capital-sa\/wp-json\/wp\/v2\/posts"}],"about":[{"href":"https:\/\/blogs.correiobraziliense.com.br\/capital-sa\/wp-json\/wp\/v2\/types\/post"}],"author":[{"embeddable":true,"href":"https:\/\/blogs.correiobraziliense.com.br\/capital-sa\/wp-json\/wp\/v2\/users\/125"}],"replies":[{"embeddable":true,"href":"https:\/\/blogs.correiobraziliense.com.br\/capital-sa\/wp-json\/wp\/v2\/comments?post=790"}],"version-history":[{"count":5,"href":"https:\/\/blogs.correiobraziliense.com.br\/capital-sa\/wp-json\/wp\/v2\/posts\/790\/revisions"}],"predecessor-version":[{"id":802,"href":"https:\/\/blogs.correiobraziliense.com.br\/capital-sa\/wp-json\/wp\/v2\/posts\/790\/revisions\/802"}],"wp:featuredmedia":[{"embeddable":true,"href":"https:\/\/blogs.correiobraziliense.com.br\/capital-sa\/wp-json\/wp\/v2\/media\/793"}],"wp:attachment":[{"href":"https:\/\/blogs.correiobraziliense.com.br\/capital-sa\/wp-json\/wp\/v2\/media?parent=790"}],"wp:term":[{"taxonomy":"category","embeddable":true,"href":"https:\/\/blogs.correiobraziliense.com.br\/capital-sa\/wp-json\/wp\/v2\/categories?post=790"},{"taxonomy":"post_tag","embeddable":true,"href":"https:\/\/blogs.correiobraziliense.com.br\/capital-sa\/wp-json\/wp\/v2\/tags?post=790"}],"curies":[{"name":"wp","href":"https:\/\/api.w.org\/{rel}","templated":true}]}}