{"id":7881,"date":"2022-05-03T11:55:25","date_gmt":"2022-05-03T14:55:25","guid":{"rendered":"https:\/\/blogs.correiobraziliense.com.br\/capital-sa\/?p=7881"},"modified":"2022-05-03T14:20:17","modified_gmt":"2022-05-03T17:20:17","slug":"quantidade-de-familias-endividadas-no-df-esta-acima-da-media-nacional","status":"publish","type":"post","link":"https:\/\/blogs.correiobraziliense.com.br\/capital-sa\/2022\/05\/03\/quantidade-de-familias-endividadas-no-df-esta-acima-da-media-nacional\/","title":{"rendered":"Quantidade de fam\u00edlias endividadas no DF est\u00e1 acima da m\u00e9dia nacional"},"content":{"rendered":"<p class=\"p1\">Por Samanta Sallum<\/p>\n<p class=\"p1\"><span class=\"s1\">O \u00edndice de fam\u00edlias com d\u00edvidas na capital federal \u00e9 de 81,1%. Esse \u00e9 o maior percentual j\u00e1 registrado na s\u00e9rie hist\u00f3rica da pesquisa realizada pela Confedera\u00e7\u00e3o Nacional do Com\u00e9rcio. E est\u00e1 acima da m\u00e9dia nacional dos estados, que ficou em 77,7%.<br \/>\n<\/span><\/p>\n<p class=\"p1\"><span class=\"s1\">Os dados, divulgados ontem, s\u00e3o referentes ao m\u00eas de abril deste ano. O \u00edndice do DF aumentou bastante comparado ao de abril em 2021, quando ficou em 68,8%.<\/span><\/p>\n<p class=\"p1\"><span class=\"s1\"><b>Ranking <\/b><\/span><\/p>\n<p class=\"p1\"><span class=\"s1\">O DF est\u00e1 em 10\u00balugar entre os estados com mais fam\u00edlias endividadas no pa\u00eds. Em primeiro, est\u00e1 o Rio Grande do Sul, com \u00edndice de 96%. Goi\u00e1s \u00e9 o que tem o menor, 55%.<\/span><\/p>\n<p class=\"p1\"><span class=\"s1\"><b>Cart\u00e3o de cr\u00e9dito <\/b><\/span><\/p>\n<p class=\"p1\"><span class=\"s1\">A grande parte dos brasilienses est\u00e1 devendo no cart\u00e3o de cr\u00e9dito (84%). E no geral, 25% das fam\u00edlias t\u00eam alguma conta em atraso.<\/span><\/p>\n<p class=\"p1\"><span class=\"s1\"><b>Infla\u00e7\u00e3o e juros altos <\/b><\/span><\/p>\n<p class=\"p1\">A economista da CNC Izis Ferreira (foto) aponta que a alta da infla\u00e7\u00e3o persistente e disseminada est\u00e1 causando dificuldades de sustento \u00e0s fam\u00edlias.<\/p>\n<p class=\"p1\">&#8220;Est\u00e1 dif\u00edcil gerir o or\u00e7amento familiar com essa realidade. E os juros altos dificultam ainda mais a renegocia\u00e7\u00e3o das d\u00edvidas. O que estamos constatando \u00e9 que as fam\u00edlias precisam recorrer ao cart\u00e3o de cr\u00e9dito para bancar o consumo, a curto prazo, de itens de primeira necessidade&#8221;, explicou.<\/p>\n","protected":false},"excerpt":{"rendered":"<p>Por Samanta Sallum O \u00edndice de fam\u00edlias com d\u00edvidas na capital federal \u00e9 de 81,1%. Esse \u00e9 o maior percentual j\u00e1 registrado na s\u00e9rie hist\u00f3rica da pesquisa realizada pela Confedera\u00e7\u00e3o Nacional do Com\u00e9rcio. E est\u00e1 acima da m\u00e9dia nacional dos estados, que ficou em 77,7%. Os dados, divulgados ontem, s\u00e3o referentes ao m\u00eas de abril deste ano. O \u00edndice do [&hellip;]<\/p>\n","protected":false},"author":125,"featured_media":0,"comment_status":"open","ping_status":"open","sticky":false,"template":"","format":"standard","meta":{"footnotes":""},"categories":[6],"tags":[1039,1038,275,417,418,143],"class_list":["post-7881","post","type-post","status-publish","format-standard","hentry","category-coluna-capital-s-a","tag-brasilienses","tag-cartaodecredito","tag-cnc","tag-endividamento","tag-familias","tag-pesquisa"],"_links":{"self":[{"href":"https:\/\/blogs.correiobraziliense.com.br\/capital-sa\/wp-json\/wp\/v2\/posts\/7881","targetHints":{"allow":["GET"]}}],"collection":[{"href":"https:\/\/blogs.correiobraziliense.com.br\/capital-sa\/wp-json\/wp\/v2\/posts"}],"about":[{"href":"https:\/\/blogs.correiobraziliense.com.br\/capital-sa\/wp-json\/wp\/v2\/types\/post"}],"author":[{"embeddable":true,"href":"https:\/\/blogs.correiobraziliense.com.br\/capital-sa\/wp-json\/wp\/v2\/users\/125"}],"replies":[{"embeddable":true,"href":"https:\/\/blogs.correiobraziliense.com.br\/capital-sa\/wp-json\/wp\/v2\/comments?post=7881"}],"version-history":[{"count":6,"href":"https:\/\/blogs.correiobraziliense.com.br\/capital-sa\/wp-json\/wp\/v2\/posts\/7881\/revisions"}],"predecessor-version":[{"id":7904,"href":"https:\/\/blogs.correiobraziliense.com.br\/capital-sa\/wp-json\/wp\/v2\/posts\/7881\/revisions\/7904"}],"wp:attachment":[{"href":"https:\/\/blogs.correiobraziliense.com.br\/capital-sa\/wp-json\/wp\/v2\/media?parent=7881"}],"wp:term":[{"taxonomy":"category","embeddable":true,"href":"https:\/\/blogs.correiobraziliense.com.br\/capital-sa\/wp-json\/wp\/v2\/categories?post=7881"},{"taxonomy":"post_tag","embeddable":true,"href":"https:\/\/blogs.correiobraziliense.com.br\/capital-sa\/wp-json\/wp\/v2\/tags?post=7881"}],"curies":[{"name":"wp","href":"https:\/\/api.w.org\/{rel}","templated":true}]}}