{"id":788,"date":"2020-11-27T08:27:30","date_gmt":"2020-11-27T11:27:30","guid":{"rendered":"https:\/\/blogs.correiobraziliense.com.br\/capital-sa\/?p=788"},"modified":"2020-11-27T09:43:30","modified_gmt":"2020-11-27T12:43:30","slug":"vendas-de-natal-vao-crescer-mas-consumidor-deve-gastar-menos","status":"publish","type":"post","link":"https:\/\/blogs.correiobraziliense.com.br\/capital-sa\/2020\/11\/27\/vendas-de-natal-vao-crescer-mas-consumidor-deve-gastar-menos\/","title":{"rendered":"Vendas de Natal v\u00e3o crescer, mas consumidor deve gastar menos"},"content":{"rendered":"<p>A proje\u00e7\u00e3o no com\u00e9rcio do Distrito Federal para dezembro \u00e9 de pequeno aumento no volume de vendas, por\u00e9m menor valor de investimento em presentes. Espera-se um crescimento de 2,2% no consumo neste ano.\u00a0Os empres\u00e1rios apostam no per\u00edodo natalino para recuperar o movimento perdido com os meses anteriores de pandemia.\u00a0O Natal \u00e9 a principal data comemorativa do varejo, e o segundo semestre, al\u00e9m de favorecer as vendas,\u00a0tem\u00a0apresentado uma reativa\u00e7\u00e3o do consumo.<\/p>\n<p>O valor m\u00e9dio, no entanto, gasto por cliente com presentes deve cair, ficando em\u00a0R$ 153,97. Em 2019, a m\u00e9dia foi R$ 458,11. Uma varia\u00e7\u00e3o real negativa de -67,41% em rela\u00e7\u00e3o ao ano anterior, considerando a infla\u00e7\u00e3o do per\u00edodo.\u00a0 Mas, apesar da pandemia, o brasiliense n\u00e3o vai abrir de compras de fim de ano. De acordo com a pesquisa realizada pelo Instituto Fecom\u00e9rcio-DF, 83,66% dos entrevistados t\u00eam a inten\u00e7\u00e3o de presentear parentes e amigos.<\/p>\n<h3>Contrata\u00e7\u00f5es<\/h3>\n<p>A grande maioria dos comerciantes aposta que as vendas ser\u00e3o maiores ou pelo menos iguais \u00e0s do ano passado.\u00a0Para realizar o levantamento, o Instituto Fecom\u00e9rcio -DF pesquisou 15 segmentos diferentes, entre lojas de rua e de shoppings, totalizando 404 empresas consultadas.\u00a0O pagamento do 13\u00ba sal\u00e1rio injetar\u00e1 um grande volume de recursos na economia local.\u00a0Ser\u00e3o\u00a0R$ 5,6 bilh\u00f5es, o que pode ajudar no fluxo de caixa e na contrata\u00e7\u00e3o de mais pessoas para os setores de com\u00e9rcio e servi\u00e7os.<\/p>\n<p>O presidente da entidade, Francisco Maia, aponta que, apesar do t\u00edquete m\u00e9dio mais baixo em rela\u00e7\u00e3o a 2019, as vendas do Natal podem ser as melhores deste ano. \u201cA economia est\u00e1 em recupera\u00e7\u00e3o e j\u00e1 demonstra sinais de melhora. Esperamos um bom movimento\u201d, afirma.<\/p>\n<h3>N\u00e3o deixar para a \u00faltima hora<\/h3>\n<p>A\u00a0recomenda\u00e7\u00e3o \u00e9 que os consumidores devem se organizar com anteced\u00eancia para fazer as compras natalinas, pois h\u00e1 risco de n\u00e3o haver mercadorias. Est\u00e3o faltando insumos para a ind\u00fastria garantir fornecimento dos produtos ao com\u00e9rcio devido \u00e0 pandemia. Ent\u00e3o, a dica \u00e9 n\u00e3o deixar para a \u00faltima hora.<\/p>\n","protected":false},"excerpt":{"rendered":"<p>A proje\u00e7\u00e3o no com\u00e9rcio do Distrito Federal para dezembro \u00e9 de pequeno aumento no volume de vendas, por\u00e9m menor valor de investimento em presentes. Espera-se um crescimento de 2,2% no consumo neste ano.\u00a0Os empres\u00e1rios apostam no per\u00edodo natalino para recuperar o movimento perdido com os meses anteriores de pandemia.\u00a0O Natal \u00e9 a principal data comemorativa do varejo, e o segundo [&hellip;]<\/p>\n","protected":false},"author":125,"featured_media":797,"comment_status":"open","ping_status":"open","sticky":false,"template":"","format":"standard","meta":{"footnotes":""},"categories":[6],"tags":[174,173,159,171,10,57],"class_list":["post-788","post","type-post","status-publish","format-standard","has-post-thumbnail","hentry","category-coluna-capital-s-a","tag-compras","tag-contratacoes","tag-fecomerciodf","tag-vendas","tag-comercio","tag-natal"],"_links":{"self":[{"href":"https:\/\/blogs.correiobraziliense.com.br\/capital-sa\/wp-json\/wp\/v2\/posts\/788","targetHints":{"allow":["GET"]}}],"collection":[{"href":"https:\/\/blogs.correiobraziliense.com.br\/capital-sa\/wp-json\/wp\/v2\/posts"}],"about":[{"href":"https:\/\/blogs.correiobraziliense.com.br\/capital-sa\/wp-json\/wp\/v2\/types\/post"}],"author":[{"embeddable":true,"href":"https:\/\/blogs.correiobraziliense.com.br\/capital-sa\/wp-json\/wp\/v2\/users\/125"}],"replies":[{"embeddable":true,"href":"https:\/\/blogs.correiobraziliense.com.br\/capital-sa\/wp-json\/wp\/v2\/comments?post=788"}],"version-history":[{"count":1,"href":"https:\/\/blogs.correiobraziliense.com.br\/capital-sa\/wp-json\/wp\/v2\/posts\/788\/revisions"}],"predecessor-version":[{"id":789,"href":"https:\/\/blogs.correiobraziliense.com.br\/capital-sa\/wp-json\/wp\/v2\/posts\/788\/revisions\/789"}],"wp:featuredmedia":[{"embeddable":true,"href":"https:\/\/blogs.correiobraziliense.com.br\/capital-sa\/wp-json\/wp\/v2\/media\/797"}],"wp:attachment":[{"href":"https:\/\/blogs.correiobraziliense.com.br\/capital-sa\/wp-json\/wp\/v2\/media?parent=788"}],"wp:term":[{"taxonomy":"category","embeddable":true,"href":"https:\/\/blogs.correiobraziliense.com.br\/capital-sa\/wp-json\/wp\/v2\/categories?post=788"},{"taxonomy":"post_tag","embeddable":true,"href":"https:\/\/blogs.correiobraziliense.com.br\/capital-sa\/wp-json\/wp\/v2\/tags?post=788"}],"curies":[{"name":"wp","href":"https:\/\/api.w.org\/{rel}","templated":true}]}}