{"id":7849,"date":"2022-04-29T14:19:30","date_gmt":"2022-04-29T17:19:30","guid":{"rendered":"https:\/\/blogs.correiobraziliense.com.br\/capital-sa\/?p=7849"},"modified":"2022-05-02T15:44:28","modified_gmt":"2022-05-02T18:44:28","slug":"venda-de-imoveis-no-df-cresce-quase-200-no-primeiro-trimestre","status":"publish","type":"post","link":"https:\/\/blogs.correiobraziliense.com.br\/capital-sa\/2022\/04\/29\/venda-de-imoveis-no-df-cresce-quase-200-no-primeiro-trimestre\/","title":{"rendered":"Venda de im\u00f3veis no DF cresce quase 200% no primeiro trimestre"},"content":{"rendered":"<p>Por Samanta Sallum<\/p>\n<p>O volume de vendas de im\u00f3veis, entre janeiro e mar\u00e7o, atingiu o valor de R$ 15,83 bilh\u00f5es, superando o acumulado do mesmo per\u00edodo em 2021. Um aumento de R$ 10,5 bilh\u00f5es, o que representa crescimento de 197,60%. A varia\u00e7\u00e3o se deve, principalmente, \u00e0 redu\u00e7\u00e3o da al\u00edquota do ITBI de 3% para 1% a partir de janeiro de 2022.<\/p>\n<p>&#8220;Esse resultado comprova que o mercado imobili\u00e1rio se consolida como o grande porto seguro dos brasileiros. E a redu\u00e7\u00e3o do ITBI contribuiu muito para que mais pessoas pudessem realizar o neg\u00f3cio&#8221;, avaliou o presidente do Sindicato da Habita\u00e7\u00e3o no DF (Secovi), Ov\u00eddio Maia.<\/p>\n<p><b>Valores em estabilidade<\/b><\/p>\n<p>Outro destaque da pesquisa do Secovi \u00e9 em rela\u00e7\u00e3o aos valores do m\u00b2 dos im\u00f3veis, que, ap\u00f3s o \u201cboom\u201d em 2019, seguem agora em estabilidade. O crescimento no valor m\u00e9dio de apartamentos no Plano Piloto, no primeiro trimestre de 2019, foi de 15,59%. J\u00e1 no mesmo per\u00edodo em 2021 ficou em 7,79% ; e agora encontra-se em 2,69%.<\/p>\n<p><b>\u00c1guas Claras<\/b><\/p>\n<p>A tend\u00eancia segue tamb\u00e9m na regi\u00e3o de \u00c1guas Claras, onde o valor do m\u00b2 no primeiro trimestre de 2019 teve um crescimento de 49,24%. Em 2021, de 16%; e no primeiro trimestre deste ano est\u00e1 em 2,56%.<\/p>\n","protected":false},"excerpt":{"rendered":"<p>Por Samanta Sallum O volume de vendas de im\u00f3veis, entre janeiro e mar\u00e7o, atingiu o valor de R$ 15,83 bilh\u00f5es, superando o acumulado do mesmo per\u00edodo em 2021. Um aumento de R$ 10,5 bilh\u00f5es, o que representa crescimento de 197,60%. A varia\u00e7\u00e3o se deve, principalmente, \u00e0 redu\u00e7\u00e3o da al\u00edquota do ITBI de 3% para 1% a partir de janeiro de [&hellip;]<\/p>\n","protected":false},"author":125,"featured_media":7852,"comment_status":"open","ping_status":"open","sticky":false,"template":"","format":"standard","meta":{"footnotes":""},"categories":[6],"tags":[762,408,410,1033,1032,760,171],"class_list":["post-7849","post","type-post","status-publish","format-standard","has-post-thumbnail","hentry","category-coluna-capital-s-a","tag-aguasclaras","tag-crescimento","tag-imoveis","tag-m","tag-preco","tag-secovi-df","tag-vendas"],"_links":{"self":[{"href":"https:\/\/blogs.correiobraziliense.com.br\/capital-sa\/wp-json\/wp\/v2\/posts\/7849","targetHints":{"allow":["GET"]}}],"collection":[{"href":"https:\/\/blogs.correiobraziliense.com.br\/capital-sa\/wp-json\/wp\/v2\/posts"}],"about":[{"href":"https:\/\/blogs.correiobraziliense.com.br\/capital-sa\/wp-json\/wp\/v2\/types\/post"}],"author":[{"embeddable":true,"href":"https:\/\/blogs.correiobraziliense.com.br\/capital-sa\/wp-json\/wp\/v2\/users\/125"}],"replies":[{"embeddable":true,"href":"https:\/\/blogs.correiobraziliense.com.br\/capital-sa\/wp-json\/wp\/v2\/comments?post=7849"}],"version-history":[{"count":6,"href":"https:\/\/blogs.correiobraziliense.com.br\/capital-sa\/wp-json\/wp\/v2\/posts\/7849\/revisions"}],"predecessor-version":[{"id":7869,"href":"https:\/\/blogs.correiobraziliense.com.br\/capital-sa\/wp-json\/wp\/v2\/posts\/7849\/revisions\/7869"}],"wp:featuredmedia":[{"embeddable":true,"href":"https:\/\/blogs.correiobraziliense.com.br\/capital-sa\/wp-json\/wp\/v2\/media\/7852"}],"wp:attachment":[{"href":"https:\/\/blogs.correiobraziliense.com.br\/capital-sa\/wp-json\/wp\/v2\/media?parent=7849"}],"wp:term":[{"taxonomy":"category","embeddable":true,"href":"https:\/\/blogs.correiobraziliense.com.br\/capital-sa\/wp-json\/wp\/v2\/categories?post=7849"},{"taxonomy":"post_tag","embeddable":true,"href":"https:\/\/blogs.correiobraziliense.com.br\/capital-sa\/wp-json\/wp\/v2\/tags?post=7849"}],"curies":[{"name":"wp","href":"https:\/\/api.w.org\/{rel}","templated":true}]}}