{"id":7840,"date":"2022-04-27T14:46:26","date_gmt":"2022-04-27T17:46:26","guid":{"rendered":"https:\/\/blogs.correiobraziliense.com.br\/capital-sa\/?p=7840"},"modified":"2022-04-27T17:35:22","modified_gmt":"2022-04-27T20:35:22","slug":"a-pedido-da-oab-ibaneis-sanciona-luos-com-veto","status":"publish","type":"post","link":"https:\/\/blogs.correiobraziliense.com.br\/capital-sa\/2022\/04\/27\/a-pedido-da-oab-ibaneis-sanciona-luos-com-veto\/","title":{"rendered":"A pedido da OAB, Ibaneis sanciona Luos com veto"},"content":{"rendered":"<p class=\"p1\">Por Samanta Sallum<\/p>\n<p class=\"p1\"><span class=\"s1\">Em solenidade no Pal\u00e1cio do Buriti, amanh\u00e3, \u00e0s 9h30, o governador Ibaneis Rocha vai sancionar a nova vers\u00e3o da Lei de Uso e Ocupa\u00e7\u00e3o do Solo do Distrito Federal, a Luos. O texto, aprovado no final de mar\u00e7o, pela C\u00e2mara Legislativa, recebeu um veto a pedido da OAB\/DF.<\/span><\/p>\n<p>Foi vetada a exig\u00eancia de anu\u00eancia pr\u00e9via de toda a vizinhan\u00e7a para a instala\u00e7\u00e3o de escrit\u00f3rios de advocacia, consulados e representa\u00e7\u00f5es de munic\u00edpios nas ruas residenciais do Lago Sul, Lago Norte e Park Way. A OAB-DF se manifestou junto de Ibaneis, que \u00e9 advogado e j\u00e1 presidiu a entidade, contr\u00e1ria a esse item da Luos. Pela legisla\u00e7\u00e3o que est\u00e1 em vigor, essa autoriza\u00e7\u00e3o de vizinhos n\u00e3o \u00e9 necess\u00e1ria.<\/p>\n<p class=\"p1\"><span class=\"s1\">Segundo o GDF, tais atividades n\u00e3o representam inc\u00f4modo \u00e0 vizinhan\u00e7a e a manifesta\u00e7\u00e3o da OAB \u00e9 justa. Por\u00e9m, n\u00e3o ser\u00e1 permitido nenhum outro tipo de uso comercial ou institucional em im\u00f3veis residenciais no Lago Sul, Lago Norte e Park Way.<\/span><\/p>\n<p class=\"p1\"><span class=\"s1\">O setor produtivo em peso estar\u00e1 amanh\u00e3 presente \u00e0 solenidade no Buriti com representantes da C\u00e2mara Legislativa.<\/span><\/p>\n","protected":false},"excerpt":{"rendered":"<p>Por Samanta Sallum Em solenidade no Pal\u00e1cio do Buriti, amanh\u00e3, \u00e0s 9h30, o governador Ibaneis Rocha vai sancionar a nova vers\u00e3o da Lei de Uso e Ocupa\u00e7\u00e3o do Solo do Distrito Federal, a Luos. O texto, aprovado no final de mar\u00e7o, pela C\u00e2mara Legislativa, recebeu um veto a pedido da OAB\/DF. Foi vetada a exig\u00eancia de anu\u00eancia pr\u00e9via de toda [&hellip;]<\/p>\n","protected":false},"author":125,"featured_media":7844,"comment_status":"open","ping_status":"open","sticky":false,"template":"","format":"standard","meta":{"footnotes":""},"categories":[6],"tags":[1024,1026,587,624,1023,1027,713,1025,70],"class_list":["post-7840","post","type-post","status-publish","format-standard","has-post-thumbnail","hentry","category-coluna-capital-s-a","tag-anuencia","tag-lagonorte","tag-lagosul","tag-luos","tag-oab-df","tag-parkway","tag-veto","tag-vizinhos","tag-ibaneis"],"_links":{"self":[{"href":"https:\/\/blogs.correiobraziliense.com.br\/capital-sa\/wp-json\/wp\/v2\/posts\/7840","targetHints":{"allow":["GET"]}}],"collection":[{"href":"https:\/\/blogs.correiobraziliense.com.br\/capital-sa\/wp-json\/wp\/v2\/posts"}],"about":[{"href":"https:\/\/blogs.correiobraziliense.com.br\/capital-sa\/wp-json\/wp\/v2\/types\/post"}],"author":[{"embeddable":true,"href":"https:\/\/blogs.correiobraziliense.com.br\/capital-sa\/wp-json\/wp\/v2\/users\/125"}],"replies":[{"embeddable":true,"href":"https:\/\/blogs.correiobraziliense.com.br\/capital-sa\/wp-json\/wp\/v2\/comments?post=7840"}],"version-history":[{"count":6,"href":"https:\/\/blogs.correiobraziliense.com.br\/capital-sa\/wp-json\/wp\/v2\/posts\/7840\/revisions"}],"predecessor-version":[{"id":7847,"href":"https:\/\/blogs.correiobraziliense.com.br\/capital-sa\/wp-json\/wp\/v2\/posts\/7840\/revisions\/7847"}],"wp:featuredmedia":[{"embeddable":true,"href":"https:\/\/blogs.correiobraziliense.com.br\/capital-sa\/wp-json\/wp\/v2\/media\/7844"}],"wp:attachment":[{"href":"https:\/\/blogs.correiobraziliense.com.br\/capital-sa\/wp-json\/wp\/v2\/media?parent=7840"}],"wp:term":[{"taxonomy":"category","embeddable":true,"href":"https:\/\/blogs.correiobraziliense.com.br\/capital-sa\/wp-json\/wp\/v2\/categories?post=7840"},{"taxonomy":"post_tag","embeddable":true,"href":"https:\/\/blogs.correiobraziliense.com.br\/capital-sa\/wp-json\/wp\/v2\/tags?post=7840"}],"curies":[{"name":"wp","href":"https:\/\/api.w.org\/{rel}","templated":true}]}}