{"id":7817,"date":"2022-04-26T11:47:32","date_gmt":"2022-04-26T14:47:32","guid":{"rendered":"https:\/\/blogs.correiobraziliense.com.br\/capital-sa\/?p=7817"},"modified":"2022-04-27T17:38:13","modified_gmt":"2022-04-27T20:38:13","slug":"zico-provoca-alvoroco-em-escola-publica-de-brasilia","status":"publish","type":"post","link":"https:\/\/blogs.correiobraziliense.com.br\/capital-sa\/2022\/04\/26\/zico-provoca-alvoroco-em-escola-publica-de-brasilia\/","title":{"rendered":"Zico provoca alvoro\u00e7o em escola p\u00fablica de Bras\u00edlia"},"content":{"rendered":"<p class=\"p1\"><span class=\"s1\">Por Samanta Sallum<\/span><\/p>\n<p class=\"p1\">O \u00eddolo flamenguista e do futebol brasileiro Zico est\u00e1 em Bras\u00edlia fazendo a alegria de alunos e professores de uma escola p\u00fablica no Guar\u00e1. Ele participa do projeto Empreendedor do Futuro, do Sebrae DF.<\/p>\n<p class=\"p1\">&#8220;Estou aqui para contar a minha hist\u00f3ria e que ela possa ser uma inspira\u00e7\u00e3o para voc\u00eas. Para dizer que o estudo \u00e9 importante, n\u00e3o basta talento. Para progredir numa carreira, \u00e9 preciso foco, obstina\u00e7\u00e3o. A gente n\u00e3o pode se acomodar. Na minha carreira, sempre busquei me aprimorar, pois as marca\u00e7\u00f5es em cima de mim no campo eram cada vez mais fortes&#8221;, destacou Zico na palestra.<\/p>\n<p><img loading=\"lazy\" decoding=\"async\" class=\"aligncenter size-medium wp-image-7831\" src=\"https:\/\/blogs.correiobraziliense.com.br\/capital-sa\/wp-content\/uploads\/sites\/59\/2022\/04\/D5139FDE-9930-4DCC-82E0-2D580203AC12-300x200.jpeg\" alt=\"\" width=\"300\" height=\"200\" srcset=\"https:\/\/blogs.correiobraziliense.com.br\/capital-sa\/wp-content\/uploads\/sites\/59\/2022\/04\/D5139FDE-9930-4DCC-82E0-2D580203AC12-300x200.jpeg 300w, https:\/\/blogs.correiobraziliense.com.br\/capital-sa\/wp-content\/uploads\/sites\/59\/2022\/04\/D5139FDE-9930-4DCC-82E0-2D580203AC12-768x512.jpeg 768w, https:\/\/blogs.correiobraziliense.com.br\/capital-sa\/wp-content\/uploads\/sites\/59\/2022\/04\/D5139FDE-9930-4DCC-82E0-2D580203AC12.jpeg 1024w, https:\/\/blogs.correiobraziliense.com.br\/capital-sa\/wp-content\/uploads\/sites\/59\/2022\/04\/D5139FDE-9930-4DCC-82E0-2D580203AC12-800x534.jpeg 800w, https:\/\/blogs.correiobraziliense.com.br\/capital-sa\/wp-content\/uploads\/sites\/59\/2022\/04\/D5139FDE-9930-4DCC-82E0-2D580203AC12-550x367.jpeg 550w, https:\/\/blogs.correiobraziliense.com.br\/capital-sa\/wp-content\/uploads\/sites\/59\/2022\/04\/D5139FDE-9930-4DCC-82E0-2D580203AC12-230x153.jpeg 230w\" sizes=\"auto, (max-width: 300px) 100vw, 300px\" \/><\/p>\n<p class=\"p1\"><span class=\"s1\">A capital federal ser\u00e1 um dos locais em que o ex-jogador ser\u00e1 visto com mais frequ\u00eancia, especialmente pelos alunos da rede p\u00fablica. Ele\u00a0aceitou\u00a0o convite do superintendente do Sebrae no DF, Valdir Oliveira, para participar do projeto que levar\u00e1 educa\u00e7\u00e3o empreendedora a crian\u00e7as e jovens.<\/span><\/p>\n<p class=\"p1\"><span class=\"s1\">&#8220;\u00c9 muito emocionante ver a como\u00e7\u00e3o que Zico causa nos jovens. E j\u00e1 ter o resultado do efeito das palavras dele para essa nova gera\u00e7\u00e3o. Zico mostra a eles que \u00e9 poss\u00edvel realizar sonhos&#8221; , disse Valdir.<\/span><\/p>\n<p><iframe loading=\"lazy\" frameborder=\"0\" width=\"566\" height=\"1000\" src=\"https:\/\/www.dailymotion.com\/embed\/video\/x8abzvr?pubtool=oembed\" allowfullscreen allow=\"autoplay\"><\/iframe><\/p>\n<p><iframe loading=\"lazy\" frameborder=\"0\" width=\"566\" height=\"1000\" src=\"https:\/\/www.dailymotion.com\/embed\/video\/x8abzuq?pubtool=oembed\" allowfullscreen allow=\"autoplay\"><\/iframe><\/p>\n","protected":false},"excerpt":{"rendered":"<p>Por Samanta Sallum O \u00eddolo flamenguista e do futebol brasileiro Zico est\u00e1 em Bras\u00edlia fazendo a alegria de alunos e professores de uma escola p\u00fablica no Guar\u00e1. Ele participa do projeto Empreendedor do Futuro, do Sebrae DF. &#8220;Estou aqui para contar a minha hist\u00f3ria e que ela possa ser uma inspira\u00e7\u00e3o para voc\u00eas. Para dizer que o estudo \u00e9 importante, [&hellip;]<\/p>\n","protected":false},"author":125,"featured_media":7834,"comment_status":"open","ping_status":"open","sticky":false,"template":"","format":"standard","meta":{"footnotes":""},"categories":[6],"tags":[1030,489,1028,665,1029,191,455,663],"class_list":["post-7817","post","type-post","status-publish","format-standard","has-post-thumbnail","hentry","category-coluna-capital-s-a","tag-empreendedordofuturo","tag-escolas","tag-exemplo","tag-futebol","tag-jovens","tag-sebraedf","tag-valdiroliveira","tag-zico"],"_links":{"self":[{"href":"https:\/\/blogs.correiobraziliense.com.br\/capital-sa\/wp-json\/wp\/v2\/posts\/7817","targetHints":{"allow":["GET"]}}],"collection":[{"href":"https:\/\/blogs.correiobraziliense.com.br\/capital-sa\/wp-json\/wp\/v2\/posts"}],"about":[{"href":"https:\/\/blogs.correiobraziliense.com.br\/capital-sa\/wp-json\/wp\/v2\/types\/post"}],"author":[{"embeddable":true,"href":"https:\/\/blogs.correiobraziliense.com.br\/capital-sa\/wp-json\/wp\/v2\/users\/125"}],"replies":[{"embeddable":true,"href":"https:\/\/blogs.correiobraziliense.com.br\/capital-sa\/wp-json\/wp\/v2\/comments?post=7817"}],"version-history":[{"count":12,"href":"https:\/\/blogs.correiobraziliense.com.br\/capital-sa\/wp-json\/wp\/v2\/posts\/7817\/revisions"}],"predecessor-version":[{"id":7848,"href":"https:\/\/blogs.correiobraziliense.com.br\/capital-sa\/wp-json\/wp\/v2\/posts\/7817\/revisions\/7848"}],"wp:featuredmedia":[{"embeddable":true,"href":"https:\/\/blogs.correiobraziliense.com.br\/capital-sa\/wp-json\/wp\/v2\/media\/7834"}],"wp:attachment":[{"href":"https:\/\/blogs.correiobraziliense.com.br\/capital-sa\/wp-json\/wp\/v2\/media?parent=7817"}],"wp:term":[{"taxonomy":"category","embeddable":true,"href":"https:\/\/blogs.correiobraziliense.com.br\/capital-sa\/wp-json\/wp\/v2\/categories?post=7817"},{"taxonomy":"post_tag","embeddable":true,"href":"https:\/\/blogs.correiobraziliense.com.br\/capital-sa\/wp-json\/wp\/v2\/tags?post=7817"}],"curies":[{"name":"wp","href":"https:\/\/api.w.org\/{rel}","templated":true}]}}