{"id":7805,"date":"2022-04-26T09:42:21","date_gmt":"2022-04-26T12:42:21","guid":{"rendered":"https:\/\/blogs.correiobraziliense.com.br\/capital-sa\/?p=7805"},"modified":"2022-04-26T10:07:44","modified_gmt":"2022-04-26T13:07:44","slug":"elefante-branco-em-area-da-terracap-deve-custar-r-720-milhoes-ao-gdf","status":"publish","type":"post","link":"https:\/\/blogs.correiobraziliense.com.br\/capital-sa\/2022\/04\/26\/elefante-branco-em-area-da-terracap-deve-custar-r-720-milhoes-ao-gdf\/","title":{"rendered":"Elefante branco em \u00e1rea da Terracap deve custar R$ 720 milh\u00f5es ao GDF"},"content":{"rendered":"<p>Por Samanta Sallum<\/p>\n<p>O Centrad, constru\u00eddo h\u00e1 7 anos e nunca ocupado, deveria ser a nova sede do GDF. Foi um projeto realizado por meio de Parceria P\u00fablico-Privada (PPP) em \u00e1rea da Terracap. O governador Ibaneis Rocha determinou a anula\u00e7\u00e3o do contrato. O objetivo \u00e9 fazer uma oferta de compra \u00e0s construtoras e passar a posse do complexo ao governo local.<\/p>\n<p>Fontes da \u00e1rea t\u00e9cnica estimam que o neg\u00f3cio vai girar em torno de R$ 720 milh\u00f5es. As empresas reivindicam R$ 1, 5 bilh\u00e3o pelos gastos com a obra. O contrato foi assinado em 2009 e o projeto, conclu\u00eddo em 2014.<\/p>\n<blockquote><p>\u201cEu, como governador, n\u00e3o teria constru\u00eddo o Centrad, n\u00e3o teria realizado tal parceria. Mas o fato \u00e9 que ele existe e est\u00e1 l\u00e1 como um elefante branco. Precisamos resolver esse problema\u201d, disse Ibaneis \u00e0 coluna.<\/p><\/blockquote>\n<p><b>Anula\u00e7\u00e3o da concorr\u00eancia<\/b><\/p>\n<p>Segundo o chefe do Pal\u00e1cio do Buriti, essa \u00e9 uma das prioridades de gest\u00e3o at\u00e9 o final do ano. Em 13 de abril, publicou no <em>DODF<\/em> a determina\u00e7\u00e3o para que a Secretaria de Economia anule a concorr\u00eancia realizada em 2008, quando foi escolhido o cons\u00f3rcio Via Engenharia e Odebrecht para execu\u00e7\u00e3o da obra. As duas empresas est\u00e3o em recupera\u00e7\u00e3o judicial.<\/p>\n<p><b>Esta\u00e7\u00e3o de metr\u00f4<\/b><\/p>\n<p>O pr\u00e9dio, com \u00e1rea de 182 mil metros quadrados, foi constru\u00eddo em Taguatinga e conta com esta\u00e7\u00e3o de metr\u00f4. Apesar de criticar o projeto, Ibaneis reafirma que a regi\u00e3o onde est\u00e1 o Centrad \u00e9 estrat\u00e9gica para o desenvolvimento econ\u00f4mico do DF e que parte de administra\u00e7\u00e3o p\u00fablica deve, sim, se mudar para l\u00e1.<\/p>\n","protected":false},"excerpt":{"rendered":"<p>Por Samanta Sallum O Centrad, constru\u00eddo h\u00e1 7 anos e nunca ocupado, deveria ser a nova sede do GDF. Foi um projeto realizado por meio de Parceria P\u00fablico-Privada (PPP) em \u00e1rea da Terracap. O governador Ibaneis Rocha determinou a anula\u00e7\u00e3o do contrato. O objetivo \u00e9 fazer uma oferta de compra \u00e0s construtoras e passar a posse do complexo ao governo [&hellip;]<\/p>\n","protected":false},"author":125,"featured_media":7808,"comment_status":"open","ping_status":"open","sticky":false,"template":"","format":"standard","meta":{"footnotes":""},"categories":[6],"tags":[1013,838,1014,147,70],"class_list":["post-7805","post","type-post","status-publish","format-standard","has-post-thumbnail","hentry","category-coluna-capital-s-a","tag-centrad","tag-concorrencia","tag-ppp","tag-taguatinga","tag-ibaneis"],"_links":{"self":[{"href":"https:\/\/blogs.correiobraziliense.com.br\/capital-sa\/wp-json\/wp\/v2\/posts\/7805","targetHints":{"allow":["GET"]}}],"collection":[{"href":"https:\/\/blogs.correiobraziliense.com.br\/capital-sa\/wp-json\/wp\/v2\/posts"}],"about":[{"href":"https:\/\/blogs.correiobraziliense.com.br\/capital-sa\/wp-json\/wp\/v2\/types\/post"}],"author":[{"embeddable":true,"href":"https:\/\/blogs.correiobraziliense.com.br\/capital-sa\/wp-json\/wp\/v2\/users\/125"}],"replies":[{"embeddable":true,"href":"https:\/\/blogs.correiobraziliense.com.br\/capital-sa\/wp-json\/wp\/v2\/comments?post=7805"}],"version-history":[{"count":4,"href":"https:\/\/blogs.correiobraziliense.com.br\/capital-sa\/wp-json\/wp\/v2\/posts\/7805\/revisions"}],"predecessor-version":[{"id":7810,"href":"https:\/\/blogs.correiobraziliense.com.br\/capital-sa\/wp-json\/wp\/v2\/posts\/7805\/revisions\/7810"}],"wp:featuredmedia":[{"embeddable":true,"href":"https:\/\/blogs.correiobraziliense.com.br\/capital-sa\/wp-json\/wp\/v2\/media\/7808"}],"wp:attachment":[{"href":"https:\/\/blogs.correiobraziliense.com.br\/capital-sa\/wp-json\/wp\/v2\/media?parent=7805"}],"wp:term":[{"taxonomy":"category","embeddable":true,"href":"https:\/\/blogs.correiobraziliense.com.br\/capital-sa\/wp-json\/wp\/v2\/categories?post=7805"},{"taxonomy":"post_tag","embeddable":true,"href":"https:\/\/blogs.correiobraziliense.com.br\/capital-sa\/wp-json\/wp\/v2\/tags?post=7805"}],"curies":[{"name":"wp","href":"https:\/\/api.w.org\/{rel}","templated":true}]}}