{"id":78,"date":"2020-10-01T07:43:03","date_gmt":"2020-10-01T10:43:03","guid":{"rendered":"https:\/\/blogs.correiobraziliense.com.br\/capital-sa\/?p=78"},"modified":"2020-10-01T09:32:06","modified_gmt":"2020-10-01T12:32:06","slug":"sebrae-df-bate-recorde-de-consultoria-empresarial","status":"publish","type":"post","link":"https:\/\/blogs.correiobraziliense.com.br\/capital-sa\/2020\/10\/01\/sebrae-df-bate-recorde-de-consultoria-empresarial\/","title":{"rendered":"Sebrae-DF bate recorde de consultoria empresarial"},"content":{"rendered":"<h6><strong>Coluna Capital S\/A<\/strong><\/h6>\n<blockquote><p><em>\u201cExiste vida al\u00e9m do Estado, no Distrito Federal. H\u00e1 um universo de boas oportunidades no empreendedorismo\u201d<\/em><\/p><\/blockquote>\n<p style=\"text-align: right\"><strong>Valdir Oliveira, superintendente do Sebrae\/DF<\/strong><\/p>\n<p>Primeiro o choque, o susto e, depois, o desespero com a pandemia da covid -19. Mas, a partir de junho, veio a rea\u00e7\u00e3o e os novos rumos no setor que faz a economia acontecer. Especialmente os micro e pequenos empres\u00e1rios est\u00e3o se reinventando. A retomada do otimismo \u00e9 comprovada no recorde hist\u00f3rico de consultoria do Sebrae-DF.<\/p>\n<p>Dobrou em rela\u00e7\u00e3o ao ano passado. O resultado, que acaba de ser fechado, \u00e9 de 110 mil horas de assessoria ao segmento, que lutou para resistir \u00e0 crise. O Sebrae concentrou o trabalho na capacita\u00e7\u00e3o em gest\u00e3o financeira e marketing digital como forma de ajudar os empres\u00e1rios a enfrentar o momento dif\u00edcil.<\/p>\n<h3><strong>For\u00e7a-tarefa<\/strong><\/h3>\n<p>As consultorias foram dadas gratuitamente numa for\u00e7a-tarefa para socorrer os pequenos e m\u00e9dios neg\u00f3cios. E, assim, resgatar a confian\u00e7a do setor. Dos milhares de atendimentos realizados, entre janeiro e 30 de setembro, a grande maioria se conce ntrou a partir de junho. O servi\u00e7o continua. Os empres\u00e1rios podem procurar o Sebrae para receber orienta\u00e7\u00f5es. Ser\u00e1 poss\u00edvel enxergar novas oportunidades e redirecionar o empreendimento.<\/p>\n<h3><strong>Da oficina mec\u00e2nica para Abu Dhabi<\/strong><\/h3>\n<figure id=\"attachment_82\" aria-describedby=\"caption-attachment-82\" style=\"width: 300px\" class=\"wp-caption alignleft\"><a href=\"https:\/\/blogs.correiobraziliense.com.br\/capital-sa\/wp-content\/uploads\/sites\/59\/2020\/10\/WhatsApp-Image-2020-10-01-at-09.07.15.jpeg\"><img loading=\"lazy\" decoding=\"async\" class=\"wp-image-82 size-medium\" src=\"https:\/\/blogs.correiobraziliense.com.br\/capital-sa\/wp-content\/uploads\/sites\/59\/2020\/10\/WhatsApp-Image-2020-10-01-at-09.07.15-300x300.jpeg\" alt=\"\" width=\"300\" height=\"300\" srcset=\"https:\/\/blogs.correiobraziliense.com.br\/capital-sa\/wp-content\/uploads\/sites\/59\/2020\/10\/WhatsApp-Image-2020-10-01-at-09.07.15-300x300.jpeg 300w, https:\/\/blogs.correiobraziliense.com.br\/capital-sa\/wp-content\/uploads\/sites\/59\/2020\/10\/WhatsApp-Image-2020-10-01-at-09.07.15-150x150.jpeg 150w, https:\/\/blogs.correiobraziliense.com.br\/capital-sa\/wp-content\/uploads\/sites\/59\/2020\/10\/WhatsApp-Image-2020-10-01-at-09.07.15-768x768.jpeg 768w, https:\/\/blogs.correiobraziliense.com.br\/capital-sa\/wp-content\/uploads\/sites\/59\/2020\/10\/WhatsApp-Image-2020-10-01-at-09.07.15-1024x1024.jpeg 1024w, https:\/\/blogs.correiobraziliense.com.br\/capital-sa\/wp-content\/uploads\/sites\/59\/2020\/10\/WhatsApp-Image-2020-10-01-at-09.07.15-550x550.jpeg 550w, https:\/\/blogs.correiobraziliense.com.br\/capital-sa\/wp-content\/uploads\/sites\/59\/2020\/10\/WhatsApp-Image-2020-10-01-at-09.07.15-230x230.jpeg 230w, https:\/\/blogs.correiobraziliense.com.br\/capital-sa\/wp-content\/uploads\/sites\/59\/2020\/10\/WhatsApp-Image-2020-10-01-at-09.07.15.jpeg 1280w\" sizes=\"auto, (max-width: 300px) 100vw, 300px\" \/><\/a><figcaption id=\"caption-attachment-82\" class=\"wp-caption-text\">Foto; Marcelo Ferreira\/CB\/DA Press<\/figcaption><\/figure>\n<p>Agda Oliver, 40 anos, est\u00e1 entre as finalistas de pr\u00eamio da ONU para mulheres empreendedoras. Ela \u00e9 dona da oficina Meu Mec\u00e2nico e pode ser a primeira brasileira campe\u00e3 da premia\u00e7\u00e3o. \u00c9 uma das 10 finalistas do Empretec Women in Business Awards.<\/p>\n<p>O evento ser\u00e1 em dezembro, em Abu Dhabi, nos Emirados \u00c1rabes Unidos. Al\u00e9m do Brasil, outros nove pa\u00edses estar\u00e3o representados na cerim\u00f4nia. \u201cEstou em \u00eaxtase e muito emocionada por estar entre as finalistas. Sei que o fato de estar l\u00e1 j\u00e1 \u00e9 bastante positivo, mas eu quero ganhar. Quero muito trazer essa premia\u00e7\u00e3o internacional para o Brasil\u201d, conta Agda.<\/p>\n<p>Ela foi selecionada em um universo formado por cerca de 40 empreendedoras de todo o Brasil. Abriu o neg\u00f3cio com o apoio do Sebrae-DF. O pr\u00eamio \u00e9 uma iniciativa da Confer\u00eancia das Na\u00e7\u00f5es Unidas sobre Com\u00e9rcio e Desenvolvimento (Unctad), reconhece o empenho e a dedica\u00e7\u00e3o de mulheres empreendedoras que transformaram as comunidades em que suas empresas est\u00e3o inseridas.<\/p>\n<p>A vontade de abrir um neg\u00f3cio pr\u00f3prio sempre a acompanhou e aumentou depois de ela ter sido enganada em uma oficina mec\u00e2nica. A partir do epis\u00f3dio, come\u00e7ou a estudar conceitos de mec\u00e2nica e a pesquisar sobre o pr\u00f3prio carro.<\/p>\n<p>A oficina na Avenida Elmo Serejo, em Ceil\u00e2ndia Sul, cresceu e fidelizou clientes no DF, em Goi\u00e1s e tornou-se refer\u00eancia para o p\u00fablico feminino.<\/p>\n<h3><strong>Temporada da soja<\/strong><\/h3>\n<p>O in\u00edcio do plantio de soja foi celebrado, no come\u00e7o da semana, por produtores de Bras\u00edlia e de Goi\u00e1s, na fazendo Pamplona em Cristalina. Os produtores rurais conseguiram antecipar em cinco dias o fim do vazio sanit\u00e1rio \u2014 per\u00edodo que n\u00e3o se pode plantar a fim de evitar pragas e para descanso da terra. V\u00eam desta regi\u00e3o, o Centro-Oeste, 63% da produ\u00e7\u00e3o nacional de soja.<\/p>\n<h3><strong>Conforto, inova\u00e7\u00e3o e incentivo ao uso de energia limpa<\/strong><\/h3>\n<figure id=\"attachment_86\" aria-describedby=\"caption-attachment-86\" style=\"width: 300px\" class=\"wp-caption aligncenter\"><a href=\"https:\/\/blogs.correiobraziliense.com.br\/capital-sa\/wp-content\/uploads\/sites\/59\/2020\/10\/WhatsApp-Image-2020-10-01-at-09.30.04.jpeg\"><img loading=\"lazy\" decoding=\"async\" class=\"size-medium wp-image-86\" src=\"https:\/\/blogs.correiobraziliense.com.br\/capital-sa\/wp-content\/uploads\/sites\/59\/2020\/10\/WhatsApp-Image-2020-10-01-at-09.30.04-300x176.jpeg\" alt=\"\" width=\"300\" height=\"176\" srcset=\"https:\/\/blogs.correiobraziliense.com.br\/capital-sa\/wp-content\/uploads\/sites\/59\/2020\/10\/WhatsApp-Image-2020-10-01-at-09.30.04-300x176.jpeg 300w, https:\/\/blogs.correiobraziliense.com.br\/capital-sa\/wp-content\/uploads\/sites\/59\/2020\/10\/WhatsApp-Image-2020-10-01-at-09.30.04-768x452.jpeg 768w, https:\/\/blogs.correiobraziliense.com.br\/capital-sa\/wp-content\/uploads\/sites\/59\/2020\/10\/WhatsApp-Image-2020-10-01-at-09.30.04.jpeg 1024w, https:\/\/blogs.correiobraziliense.com.br\/capital-sa\/wp-content\/uploads\/sites\/59\/2020\/10\/WhatsApp-Image-2020-10-01-at-09.30.04-550x323.jpeg 550w, https:\/\/blogs.correiobraziliense.com.br\/capital-sa\/wp-content\/uploads\/sites\/59\/2020\/10\/WhatsApp-Image-2020-10-01-at-09.30.04-230x135.jpeg 230w\" sizes=\"auto, (max-width: 300px) 100vw, 300px\" \/><\/a><figcaption id=\"caption-attachment-86\" class=\"wp-caption-text\">Foto; Divulga\u00e7\u00e3o<\/figcaption><\/figure>\n<p>Mesmo diante da crise, a PauloOctavio manteve o planejamento de lan\u00e7amentos de 2020. E o primeiro edif\u00edcio residencial da construtora no Noroeste est\u00e1 sendo erguido. A central de vendas e o modelo do apartamento decorado do Residencial Clovis Jacy Burmann foram inaugurados ontem. A nova central foi projetada para oferecer atendimento exclusivo e mais conforto. A visita\u00e7\u00e3o do p\u00fablico estar\u00e1 aberta a partir de 1\u00ba de outubro. O apartamento decorado, de 2 quartos, com 85m\u00b2 tem a assinatura da design de interiores Cybele Barbosa.<\/p>\n<h3><strong>Ve\u00edculos el\u00e9tricos<\/strong><\/h3>\n<p>O residencial est\u00e1 em fase de constru\u00e7\u00e3o na Quadra 103 do Noroeste e trar\u00e1 op\u00e7\u00f5es de apartamentos de 2 e 3 quartos, com 85 a 123m\u00b2, al\u00e9m de coberturas duplex de 172 a 247m\u00b2. A previs\u00e3o de entrega \u00e9 para mar\u00e7o de 2022. O im\u00f3vel tem como diferencial pontos de energia para a carga de ve\u00edculos el\u00e9tricos. Os futuros moradores tamb\u00e9m ter\u00e3o \u00e0 disposi\u00e7\u00e3o uma \u00e1rea de lazer no pilotis e na cobertura coletiva, com sal\u00e3o de festa, piscina, \u00e1rea fitness e churrasqueira.<\/p>\n<p>O empreendimento presta homenagem ao general Clovis Jacy Burmann, que iniciou a carreira na Academia Militar das Agulhas Negras (AMAN) e alcan\u00e7ou o Generalato em 1982. Em 1996, assumiu a dupla responsabilidade de presidir Funda\u00e7\u00e3o Habitacional do Ex\u00e9rcito e a POUPEX durante 14 anos.<\/p>\n<h3><strong>Investimento<\/strong><\/h3>\n<p>Com a baixa da taxa Selic, h\u00e1 pouca rentabilidade nas aplica\u00e7\u00f5es financeiras. A Selic est\u00e1 em 2% ao ano, enquanto a taxa de retorno para loca\u00e7\u00e3o de im\u00f3veis est\u00e1 0,5% ao m\u00eas. Aliado a uma maior competitividade dos agentes financeiros para financiamento de im\u00f3vel, este cen\u00e1rio despertou na popula\u00e7\u00e3o uma vontade de fazer upgrade no pr\u00f3prio im\u00f3vel ou de comprar o primeiro im\u00f3vel.<\/p>\n","protected":false},"excerpt":{"rendered":"<p>Coluna Capital S\/A \u201cExiste vida al\u00e9m do Estado, no Distrito Federal. H\u00e1 um universo de boas oportunidades no empreendedorismo\u201d Valdir Oliveira, superintendente do Sebrae\/DF Primeiro o choque, o susto e, depois, o desespero com a pandemia da covid -19. Mas, a partir de junho, veio a rea\u00e7\u00e3o e os novos rumos no setor que faz a economia acontecer. Especialmente os [&hellip;]<\/p>\n","protected":false},"author":125,"featured_media":79,"comment_status":"open","ping_status":"open","sticky":false,"template":"","format":"standard","meta":{"footnotes":""},"categories":[6],"tags":[38,37],"class_list":["post-78","post","type-post","status-publish","format-standard","has-post-thumbnail","hentry","category-coluna-capital-s-a","tag-consultoria-empresarial","tag-sebrae-df"],"_links":{"self":[{"href":"https:\/\/blogs.correiobraziliense.com.br\/capital-sa\/wp-json\/wp\/v2\/posts\/78","targetHints":{"allow":["GET"]}}],"collection":[{"href":"https:\/\/blogs.correiobraziliense.com.br\/capital-sa\/wp-json\/wp\/v2\/posts"}],"about":[{"href":"https:\/\/blogs.correiobraziliense.com.br\/capital-sa\/wp-json\/wp\/v2\/types\/post"}],"author":[{"embeddable":true,"href":"https:\/\/blogs.correiobraziliense.com.br\/capital-sa\/wp-json\/wp\/v2\/users\/125"}],"replies":[{"embeddable":true,"href":"https:\/\/blogs.correiobraziliense.com.br\/capital-sa\/wp-json\/wp\/v2\/comments?post=78"}],"version-history":[{"count":6,"href":"https:\/\/blogs.correiobraziliense.com.br\/capital-sa\/wp-json\/wp\/v2\/posts\/78\/revisions"}],"predecessor-version":[{"id":87,"href":"https:\/\/blogs.correiobraziliense.com.br\/capital-sa\/wp-json\/wp\/v2\/posts\/78\/revisions\/87"}],"wp:featuredmedia":[{"embeddable":true,"href":"https:\/\/blogs.correiobraziliense.com.br\/capital-sa\/wp-json\/wp\/v2\/media\/79"}],"wp:attachment":[{"href":"https:\/\/blogs.correiobraziliense.com.br\/capital-sa\/wp-json\/wp\/v2\/media?parent=78"}],"wp:term":[{"taxonomy":"category","embeddable":true,"href":"https:\/\/blogs.correiobraziliense.com.br\/capital-sa\/wp-json\/wp\/v2\/categories?post=78"},{"taxonomy":"post_tag","embeddable":true,"href":"https:\/\/blogs.correiobraziliense.com.br\/capital-sa\/wp-json\/wp\/v2\/tags?post=78"}],"curies":[{"name":"wp","href":"https:\/\/api.w.org\/{rel}","templated":true}]}}