{"id":7798,"date":"2022-04-25T18:06:33","date_gmt":"2022-04-25T21:06:33","guid":{"rendered":"https:\/\/blogs.correiobraziliense.com.br\/capital-sa\/?p=7798"},"modified":"2022-04-26T10:13:56","modified_gmt":"2022-04-26T13:13:56","slug":"boletim-imobiliario-aponta-valor-do-metro-quadrado-em-regioes-do-df","status":"publish","type":"post","link":"https:\/\/blogs.correiobraziliense.com.br\/capital-sa\/2022\/04\/25\/boletim-imobiliario-aponta-valor-do-metro-quadrado-em-regioes-do-df\/","title":{"rendered":"Boletim imobili\u00e1rio aponta valor do metro quadrado em regi\u00f5es do DF"},"content":{"rendered":"<p class=\"p1\">O mais recente Boletim de Conjuntura Imobili\u00e1ria divulgado pelo Sindicato da Habita\u00e7\u00e3o do Distrito Federal (Secovi\/DF) aponta que um apartamento de 1 dormit\u00f3rio na Asa Sul \u00e9 12,12% mais caro que um na Asa Norte.<\/p>\n<p class=\"p1\"><span class=\"s1\">O metro quadrado est\u00e1 em R$ 9.964,50 na Asa Sul. Na regi\u00e3o, h\u00e1 pouca diferen\u00e7a de valor quando se aumenta o n\u00famero de c\u00f4modos em im\u00f3veis na Asa Sul. O m2 de um de 2 dormit\u00f3rios \u00e9 5,7% superior ao de 1. J\u00e1 um apartamento de 3 quartos \u00e9 apenas 1,81% superior ao de 2 dormit\u00f3rios.<\/span><\/p>\n<p class=\"p1\"><span class=\"s1\"><b>Sudoeste<\/b><\/span><\/p>\n<p class=\"p1\"><span class=\"s1\">O valor do m2 dos apartamentos no Sudoeste foi cotado em R$ 10 mil para im\u00f3veis de 1 dormit\u00f3rio. E em R$ 14.223 para os de 4 quartos.<\/span><\/p>\n<p class=\"p1\"><span class=\"s1\"><b>Noroeste<\/b><\/span><\/p>\n<p class=\"p1\"><span class=\"s1\">No Setor Nororeste, os valores do m2 giram em torno dos R$ 13 mil para qualquer tipo de im\u00f3vel.<\/span><\/p>\n<p class=\"p1\"><span class=\"s1\">Na regi\u00e3o de \u00c1guas Claras, o m2 para todos os tipos de im\u00f3vel n\u00e3o ultrapassa os R$ 9 mil, j\u00e1 em Taguatinga os valores ficam na faixa dos R$ 5 mil o pre\u00e7o do m2.<\/span><\/p>\n<p><b>Sobradinho<\/b><\/p>\n<p>Em Sobradinho, im\u00f3veis de 4 dormit\u00f3rios est\u00e3o com o m2 em R$ \u00a02.233, por\u00e9m na regi\u00e3o administrativa de Ceil\u00e2ndia e Samambaia \u00a0j\u00e1 dobram de pre\u00e7o em rela\u00e7\u00e3o aos de Sobradinho.<\/p>\n<p class=\"p1\"><span class=\"s1\">Vale ressaltar que os valores s\u00e3o de im\u00f3veis seminovos ou usados. N\u00e3o est\u00e3o inclu\u00eddos os lan\u00e7amentos imobili\u00e1rios.<\/span><\/p>\n","protected":false},"excerpt":{"rendered":"<p>O mais recente Boletim de Conjuntura Imobili\u00e1ria divulgado pelo Sindicato da Habita\u00e7\u00e3o do Distrito Federal (Secovi\/DF) aponta que um apartamento de 1 dormit\u00f3rio na Asa Sul \u00e9 12,12% mais caro que um na Asa Norte. O metro quadrado est\u00e1 em R$ 9.964,50 na Asa Sul. Na regi\u00e3o, h\u00e1 pouca diferen\u00e7a de valor quando se aumenta o n\u00famero de c\u00f4modos em [&hellip;]<\/p>\n","protected":false},"author":125,"featured_media":7803,"comment_status":"open","ping_status":"open","sticky":false,"template":"","format":"standard","meta":{"footnotes":""},"categories":[6],"tags":[906,1015,143,760],"class_list":["post-7798","post","type-post","status-publish","format-standard","has-post-thumbnail","hentry","category-coluna-capital-s-a","tag-boletim","tag-metroquadrado","tag-pesquisa","tag-secovi-df"],"_links":{"self":[{"href":"https:\/\/blogs.correiobraziliense.com.br\/capital-sa\/wp-json\/wp\/v2\/posts\/7798","targetHints":{"allow":["GET"]}}],"collection":[{"href":"https:\/\/blogs.correiobraziliense.com.br\/capital-sa\/wp-json\/wp\/v2\/posts"}],"about":[{"href":"https:\/\/blogs.correiobraziliense.com.br\/capital-sa\/wp-json\/wp\/v2\/types\/post"}],"author":[{"embeddable":true,"href":"https:\/\/blogs.correiobraziliense.com.br\/capital-sa\/wp-json\/wp\/v2\/users\/125"}],"replies":[{"embeddable":true,"href":"https:\/\/blogs.correiobraziliense.com.br\/capital-sa\/wp-json\/wp\/v2\/comments?post=7798"}],"version-history":[{"count":6,"href":"https:\/\/blogs.correiobraziliense.com.br\/capital-sa\/wp-json\/wp\/v2\/posts\/7798\/revisions"}],"predecessor-version":[{"id":7812,"href":"https:\/\/blogs.correiobraziliense.com.br\/capital-sa\/wp-json\/wp\/v2\/posts\/7798\/revisions\/7812"}],"wp:featuredmedia":[{"embeddable":true,"href":"https:\/\/blogs.correiobraziliense.com.br\/capital-sa\/wp-json\/wp\/v2\/media\/7803"}],"wp:attachment":[{"href":"https:\/\/blogs.correiobraziliense.com.br\/capital-sa\/wp-json\/wp\/v2\/media?parent=7798"}],"wp:term":[{"taxonomy":"category","embeddable":true,"href":"https:\/\/blogs.correiobraziliense.com.br\/capital-sa\/wp-json\/wp\/v2\/categories?post=7798"},{"taxonomy":"post_tag","embeddable":true,"href":"https:\/\/blogs.correiobraziliense.com.br\/capital-sa\/wp-json\/wp\/v2\/tags?post=7798"}],"curies":[{"name":"wp","href":"https:\/\/api.w.org\/{rel}","templated":true}]}}