{"id":7792,"date":"2022-04-25T16:00:01","date_gmt":"2022-04-25T19:00:01","guid":{"rendered":"https:\/\/blogs.correiobraziliense.com.br\/capital-sa\/?p=7792"},"modified":"2022-04-26T10:16:32","modified_gmt":"2022-04-26T13:16:32","slug":"presidente-da-cnc-recebe-premio-em-monaco","status":"publish","type":"post","link":"https:\/\/blogs.correiobraziliense.com.br\/capital-sa\/2022\/04\/25\/presidente-da-cnc-recebe-premio-em-monaco\/","title":{"rendered":"Presidente da CNC recebe pr\u00eamio em M\u00f4naco"},"content":{"rendered":"<div><\/div>\n<div>\n<p><b>\u00a0<\/b>Por Samanta Sallum<\/p>\n<\/div>\n<div><\/div>\n<div><\/div>\n<div><\/div>\n<div><\/div>\n<div>\n<p>Jos\u00e9 Roberto Tadros foi o homenageado da sexta edi\u00e7\u00e3o World Company Award (Woca). A premia\u00e7\u00e3o, ocorrida no s\u00e1bado, em Monte Carlo, contou com a participa\u00e7\u00e3o do pr\u00edncipe de M\u00f4naco, Albert II. Foi antecedida por um jantar de gala que homenageou o presidente do Congresso Nacional, Rodrigo Pacheco, e o consultor s\u00eanior no Departamento Econ\u00f4mico e Financeiro em M\u00f4naco, Michel Bouquier.<\/p>\n<\/div>\n<div><\/div>\n<div><\/div>\n<div><b>PIB nacional\u00a0<\/b><\/div>\n<div><\/div>\n<div><\/div>\n<div><\/div>\n<div>\n<p>\u201cO pr\u00eamio que estamos recebendo \u00e9, de certa forma, o corol\u00e1rio de mais de tr\u00eas anos de trabalho focado no fortalecimento do Sistema CNC-Sesc-Senac. Estamos mais fortes a cada dia, buscando estar pr\u00f3ximos dos empres\u00e1rios, dos trabalhadores, da popula\u00e7\u00e3o brasileira e das necessidades do pa\u00eds&#8221;, destacou Tadros. Ele lembrou que o setor representa mais de 70% do PIB brasileiro.<\/p>\n<\/div>\n<div><\/div>\n<div><b>\u00a0<\/b><\/div>\n<div><b>F\u00f3rum de investimentos\u00a0<\/b><\/div>\n<div><\/div>\n<div><\/div>\n<div><b>\u00a0<\/b><\/div>\n<div>Entre 21 e 24 de abril, ocorreu o Brazil Monaco Investments Forum, que contou com a presen\u00e7a de grandes nomes do empreendedorismo, economia e pol\u00edtica, entre eles, o ex-governador de S\u00e3o Paulo Geraldo Alckmin.<\/div>\n","protected":false},"excerpt":{"rendered":"<p>\u00a0Por Samanta Sallum Jos\u00e9 Roberto Tadros foi o homenageado da sexta edi\u00e7\u00e3o World Company Award (Woca). A premia\u00e7\u00e3o, ocorrida no s\u00e1bado, em Monte Carlo, contou com a participa\u00e7\u00e3o do pr\u00edncipe de M\u00f4naco, Albert II. Foi antecedida por um jantar de gala que homenageou o presidente do Congresso Nacional, Rodrigo Pacheco, e o consultor s\u00eanior no Departamento Econ\u00f4mico e Financeiro em [&hellip;]<\/p>\n","protected":false},"author":125,"featured_media":7795,"comment_status":"open","ping_status":"open","sticky":false,"template":"","format":"standard","meta":{"footnotes":""},"categories":[6],"tags":[275,307,1016,823,1017],"class_list":["post-7792","post","type-post","status-publish","format-standard","has-post-thumbnail","hentry","category-coluna-capital-s-a","tag-cnc","tag-joserobertotadros","tag-monaco","tag-premiacao","tag-woca"],"_links":{"self":[{"href":"https:\/\/blogs.correiobraziliense.com.br\/capital-sa\/wp-json\/wp\/v2\/posts\/7792","targetHints":{"allow":["GET"]}}],"collection":[{"href":"https:\/\/blogs.correiobraziliense.com.br\/capital-sa\/wp-json\/wp\/v2\/posts"}],"about":[{"href":"https:\/\/blogs.correiobraziliense.com.br\/capital-sa\/wp-json\/wp\/v2\/types\/post"}],"author":[{"embeddable":true,"href":"https:\/\/blogs.correiobraziliense.com.br\/capital-sa\/wp-json\/wp\/v2\/users\/125"}],"replies":[{"embeddable":true,"href":"https:\/\/blogs.correiobraziliense.com.br\/capital-sa\/wp-json\/wp\/v2\/comments?post=7792"}],"version-history":[{"count":6,"href":"https:\/\/blogs.correiobraziliense.com.br\/capital-sa\/wp-json\/wp\/v2\/posts\/7792\/revisions"}],"predecessor-version":[{"id":7814,"href":"https:\/\/blogs.correiobraziliense.com.br\/capital-sa\/wp-json\/wp\/v2\/posts\/7792\/revisions\/7814"}],"wp:featuredmedia":[{"embeddable":true,"href":"https:\/\/blogs.correiobraziliense.com.br\/capital-sa\/wp-json\/wp\/v2\/media\/7795"}],"wp:attachment":[{"href":"https:\/\/blogs.correiobraziliense.com.br\/capital-sa\/wp-json\/wp\/v2\/media?parent=7792"}],"wp:term":[{"taxonomy":"category","embeddable":true,"href":"https:\/\/blogs.correiobraziliense.com.br\/capital-sa\/wp-json\/wp\/v2\/categories?post=7792"},{"taxonomy":"post_tag","embeddable":true,"href":"https:\/\/blogs.correiobraziliense.com.br\/capital-sa\/wp-json\/wp\/v2\/tags?post=7792"}],"curies":[{"name":"wp","href":"https:\/\/api.w.org\/{rel}","templated":true}]}}