{"id":7773,"date":"2022-04-25T10:46:24","date_gmt":"2022-04-25T13:46:24","guid":{"rendered":"https:\/\/blogs.correiobraziliense.com.br\/capital-sa\/?p=7773"},"modified":"2022-04-26T10:21:08","modified_gmt":"2022-04-26T13:21:08","slug":"sinduscon-apoia-qualidade-acustica-nas-escolas-do-df","status":"publish","type":"post","link":"https:\/\/blogs.correiobraziliense.com.br\/capital-sa\/2022\/04\/25\/sinduscon-apoia-qualidade-acustica-nas-escolas-do-df\/","title":{"rendered":"Sinduscon apoia qualidade ac\u00fastica nas escolas do DF"},"content":{"rendered":"<div>\n<p>Por Samanta Sallum<\/p>\n<\/div>\n<div><\/div>\n<div><\/div>\n<div><\/div>\n<div><\/div>\n<div><\/div>\n<div><\/div>\n<div>\n<p>Os efeitos do barulho na inf\u00e2ncia e nas escolas ser\u00e3o o tema do semin\u00e1rio realizado no Dia Internacional da Conscientiza\u00e7\u00e3o Sobre o Ru\u00eddo (Inad), <a href=\"\/\/0\">na pr\u00f3xima quarta-feira<\/a>, dia 27, <a href=\"\/\/1\">\u00e0s 19h30<\/a>, no audit\u00f3rio do CAU\/DF. O evento \u00e9 apoiado\u00a0Sindicato da Ind\u00fastria da Constru\u00e7\u00e3o Civil do DF (Sinduscon-DF).<\/p>\n<\/div>\n<div><\/div>\n<div><\/div>\n<div>\n<p>O semin\u00e1rio contar\u00e1 com a palestra da diretora da entidade, a arquiteta C\u00e2ndida Maciel. Ela antecipou que o tratamento ac\u00fastico em uma escola do Distrito Federal ser\u00e1 realidade ainda neste ano. \u201cJ\u00e1 conseguimos os fornecedores e, em breve, executaremos a obra\u201d, contou.<\/p>\n<\/div>\n<div><img loading=\"lazy\" decoding=\"async\" class=\"aligncenter size-medium wp-image-7782\" src=\"https:\/\/blogs.correiobraziliense.com.br\/capital-sa\/wp-content\/uploads\/sites\/59\/2022\/04\/63D43F8D-37B4-4B6A-8FAD-5AFAE7D02FAF-300x292.jpeg\" alt=\"\" width=\"300\" height=\"292\" srcset=\"https:\/\/blogs.correiobraziliense.com.br\/capital-sa\/wp-content\/uploads\/sites\/59\/2022\/04\/63D43F8D-37B4-4B6A-8FAD-5AFAE7D02FAF-300x292.jpeg 300w, https:\/\/blogs.correiobraziliense.com.br\/capital-sa\/wp-content\/uploads\/sites\/59\/2022\/04\/63D43F8D-37B4-4B6A-8FAD-5AFAE7D02FAF-768x747.jpeg 768w, https:\/\/blogs.correiobraziliense.com.br\/capital-sa\/wp-content\/uploads\/sites\/59\/2022\/04\/63D43F8D-37B4-4B6A-8FAD-5AFAE7D02FAF-1024x996.jpeg 1024w, https:\/\/blogs.correiobraziliense.com.br\/capital-sa\/wp-content\/uploads\/sites\/59\/2022\/04\/63D43F8D-37B4-4B6A-8FAD-5AFAE7D02FAF-800x778.jpeg 800w, https:\/\/blogs.correiobraziliense.com.br\/capital-sa\/wp-content\/uploads\/sites\/59\/2022\/04\/63D43F8D-37B4-4B6A-8FAD-5AFAE7D02FAF-550x535.jpeg 550w, https:\/\/blogs.correiobraziliense.com.br\/capital-sa\/wp-content\/uploads\/sites\/59\/2022\/04\/63D43F8D-37B4-4B6A-8FAD-5AFAE7D02FAF-230x224.jpeg 230w, https:\/\/blogs.correiobraziliense.com.br\/capital-sa\/wp-content\/uploads\/sites\/59\/2022\/04\/63D43F8D-37B4-4B6A-8FAD-5AFAE7D02FAF.jpeg 1079w\" sizes=\"auto, (max-width: 300px) 100vw, 300px\" \/><\/div>\n<div><\/div>\n<div><b>Doa\u00e7\u00e3o<\/b><\/div>\n<div><\/div>\n<div>\n<p>O projeto de ac\u00fastica ser\u00e1 doado pela S\u00edntese Ac\u00fastica, associada ao Sinduscon-DF. Junto da Secretaria de Educa\u00e7\u00e3o, est\u00e1 sendo definida qual unidade de ensino, em regi\u00e3o carente, vai receber o benef\u00edcio para ser refer\u00eancia.<\/p>\n<\/div>\n<div><\/div>\n<div><\/div>\n<div>\n<p>O objetivo \u00e9 garantir que as salas de aula fiquem protegidas dos ru\u00eddos externos e, assim, os alunos possam ter mais concentra\u00e7\u00e3o.<\/p>\n<\/div>\n<div><\/div>\n<div><\/div>\n<div>\n<p>O semin\u00e1rio \u00e9 uma iniciativa da Associa\u00e7\u00e3o Brasileira de Ac\u00fastica &#8211; Regional Centro-Oeste (Sobrac-CO), com apoio tamb\u00e9m do Conselho de Arquitetura e Urbanismo do DF, da Associa\u00e7\u00e3o Brasileira dos Fabricantes de Brinquedos (Abrinq), al\u00e9m das empresas Saint-Gobain, S\u00edntese Ac\u00fastica e Hometeck.<\/p>\n<\/div>\n<div><\/div>\n<div><\/div>\n<div>\n<p><b>Cartilha para as construtoras<\/b><\/p>\n<p>Neste ano, o Sinduscon-DF vai elaborar uma cartilha de boas pr\u00e1ticas para distribuir \u00e0s construtoras. A ideia \u00e9 levar orienta\u00e7\u00f5es sobre o que as empreiteiras podem fazer, do ponto de vista t\u00e9cnico, para ter um ru\u00eddo menor nas obras.<\/p>\n<\/div>\n","protected":false},"excerpt":{"rendered":"<p>Por Samanta Sallum Os efeitos do barulho na inf\u00e2ncia e nas escolas ser\u00e3o o tema do semin\u00e1rio realizado no Dia Internacional da Conscientiza\u00e7\u00e3o Sobre o Ru\u00eddo (Inad), na pr\u00f3xima quarta-feira, dia 27, \u00e0s 19h30, no audit\u00f3rio do CAU\/DF. O evento \u00e9 apoiado\u00a0Sindicato da Ind\u00fastria da Constru\u00e7\u00e3o Civil do DF (Sinduscon-DF). O semin\u00e1rio contar\u00e1 com a palestra da diretora da entidade, [&hellip;]<\/p>\n","protected":false},"author":125,"featured_media":7791,"comment_status":"open","ping_status":"open","sticky":false,"template":"","format":"standard","meta":{"footnotes":""},"categories":[6],"tags":[1021,489,1019,371,556,265,1018,1020,1022],"class_list":["post-7773","post","type-post","status-publish","format-standard","has-post-thumbnail","hentry","category-coluna-capital-s-a","tag-acustica","tag-escolas","tag-inad","tag-obras","tag-palestra","tag-projeto","tag-ruidoacustico","tag-seminario","tag-sinduscon"],"_links":{"self":[{"href":"https:\/\/blogs.correiobraziliense.com.br\/capital-sa\/wp-json\/wp\/v2\/posts\/7773","targetHints":{"allow":["GET"]}}],"collection":[{"href":"https:\/\/blogs.correiobraziliense.com.br\/capital-sa\/wp-json\/wp\/v2\/posts"}],"about":[{"href":"https:\/\/blogs.correiobraziliense.com.br\/capital-sa\/wp-json\/wp\/v2\/types\/post"}],"author":[{"embeddable":true,"href":"https:\/\/blogs.correiobraziliense.com.br\/capital-sa\/wp-json\/wp\/v2\/users\/125"}],"replies":[{"embeddable":true,"href":"https:\/\/blogs.correiobraziliense.com.br\/capital-sa\/wp-json\/wp\/v2\/comments?post=7773"}],"version-history":[{"count":16,"href":"https:\/\/blogs.correiobraziliense.com.br\/capital-sa\/wp-json\/wp\/v2\/posts\/7773\/revisions"}],"predecessor-version":[{"id":7816,"href":"https:\/\/blogs.correiobraziliense.com.br\/capital-sa\/wp-json\/wp\/v2\/posts\/7773\/revisions\/7816"}],"wp:featuredmedia":[{"embeddable":true,"href":"https:\/\/blogs.correiobraziliense.com.br\/capital-sa\/wp-json\/wp\/v2\/media\/7791"}],"wp:attachment":[{"href":"https:\/\/blogs.correiobraziliense.com.br\/capital-sa\/wp-json\/wp\/v2\/media?parent=7773"}],"wp:term":[{"taxonomy":"category","embeddable":true,"href":"https:\/\/blogs.correiobraziliense.com.br\/capital-sa\/wp-json\/wp\/v2\/categories?post=7773"},{"taxonomy":"post_tag","embeddable":true,"href":"https:\/\/blogs.correiobraziliense.com.br\/capital-sa\/wp-json\/wp\/v2\/tags?post=7773"}],"curies":[{"name":"wp","href":"https:\/\/api.w.org\/{rel}","templated":true}]}}