{"id":7758,"date":"2022-04-22T19:59:59","date_gmt":"2022-04-22T22:59:59","guid":{"rendered":"https:\/\/blogs.correiobraziliense.com.br\/capital-sa\/?p=7758"},"modified":"2022-04-22T23:15:48","modified_gmt":"2022-04-23T02:15:48","slug":"delegados-federais-repudiam-e-rebatem-declaracao-de-guedes","status":"publish","type":"post","link":"https:\/\/blogs.correiobraziliense.com.br\/capital-sa\/2022\/04\/22\/delegados-federais-repudiam-e-rebatem-declaracao-de-guedes\/","title":{"rendered":"Delegados federais repudiam e rebatem declara\u00e7\u00e3o de Guedes"},"content":{"rendered":"<p class=\"p1\">Por Samanta Sallum<\/p>\n<p class=\"p1\"><span class=\"s1\">A temperatura est\u00e1 ficando cada vez mais alta no tensionamento entre os delegados da Pol\u00edcia Federal e o governo. A associa\u00e7\u00e3o que representa a categoria veio mais uma vez a p\u00fablico para cobrar a reestrutura\u00e7\u00e3o da carreira, prometida pelo presidente Jair Bolsonaro. Desta vez, o alvo da rea\u00e7\u00e3o foi o ministro da Economia, Paulo Guedes.<\/span><\/p>\n<p class=\"p1\"><span class=\"s1\">\u201cUm ministro n\u00e3o pode estar acima do compromisso p\u00fablico firmado por um presidente. Desvalorizar os policiais federais \u00e9 desvalorizar a Seguran\u00e7a P\u00fablica\u201d, destacou a Associa\u00e7\u00e3o Nacional dos Delegados de Pol\u00edcia Federal (ADPF).<\/span><\/p>\n<p class=\"p1\"><span class=\"s1\">A entidade divulgou nota, no in\u00edcio da noite, em que \u201crepudia com veem\u00eancia a entrevista concedida pelo Ministro da Economia, Paulo Guedes, em que, equivocadamente, afirma que a reestrutura\u00e7\u00e3o das carreiras policiais da Uni\u00e3o n\u00e3o seria permitida pela Lei Eleitoral. A fala do ministro n\u00e3o corresponde \u00e0 verdade\u201d.<\/span><\/p>\n<p class=\"p1\"><span class=\"s1\">Segundo os delegados, o pleito das for\u00e7as de seguran\u00e7a federais n\u00e3o se trata de mero reajuste, mas de uma reestrutura\u00e7\u00e3o das carreiras.<span class=\"Apple-converted-space\">\u00a0 <\/span>\u201cA previs\u00e3o no or\u00e7amento foi aprovada pelo Congresso Nacional e sancionada pelo Presidente da Rep\u00fablica, destinando R$ 1,7 bi para a medida\u201d, aponta a associa\u00e7\u00e3o.<\/span><\/p>\n<p class=\"p1\"><span class=\"s1\">A legalidade da reestrutura\u00e7\u00e3o foi atestada em parecer da Procuradoria Geral da Fazenda Nacional, solicitado pelo pr\u00f3prio Minist\u00e9rio da Economia.<\/span><\/p>\n<p>Em assembleia, na ter\u00e7a-feira, os delegados j\u00e1 tinham aprovado indicativo de paralisa\u00e7\u00e3o. A medida foi mais uma rea\u00e7\u00e3o \u00e0 n\u00e3o assinatura de Bolsonaro ao plano de reestrutura\u00e7\u00e3o da carreira.<\/p>\n","protected":false},"excerpt":{"rendered":"<p>Por Samanta Sallum A temperatura est\u00e1 ficando cada vez mais alta no tensionamento entre os delegados da Pol\u00edcia Federal e o governo. A associa\u00e7\u00e3o que representa a categoria veio mais uma vez a p\u00fablico para cobrar a reestrutura\u00e7\u00e3o da carreira, prometida pelo presidente Jair Bolsonaro. Desta vez, o alvo da rea\u00e7\u00e3o foi o ministro da Economia, Paulo Guedes. \u201cUm ministro [&hellip;]<\/p>\n","protected":false},"author":125,"featured_media":7761,"comment_status":"open","ping_status":"open","sticky":false,"template":"","format":"standard","meta":{"footnotes":""},"categories":[6],"tags":[1005,276,1004,1006,1008,1007,30],"class_list":["post-7758","post","type-post","status-publish","format-standard","has-post-thumbnail","hentry","category-coluna-capital-s-a","tag-delegadosfederais","tag-economia","tag-jairbolsonaro","tag-notaderepudio","tag-pauloguedes","tag-reestruturacao-carreira","tag-adpf"],"_links":{"self":[{"href":"https:\/\/blogs.correiobraziliense.com.br\/capital-sa\/wp-json\/wp\/v2\/posts\/7758","targetHints":{"allow":["GET"]}}],"collection":[{"href":"https:\/\/blogs.correiobraziliense.com.br\/capital-sa\/wp-json\/wp\/v2\/posts"}],"about":[{"href":"https:\/\/blogs.correiobraziliense.com.br\/capital-sa\/wp-json\/wp\/v2\/types\/post"}],"author":[{"embeddable":true,"href":"https:\/\/blogs.correiobraziliense.com.br\/capital-sa\/wp-json\/wp\/v2\/users\/125"}],"replies":[{"embeddable":true,"href":"https:\/\/blogs.correiobraziliense.com.br\/capital-sa\/wp-json\/wp\/v2\/comments?post=7758"}],"version-history":[{"count":7,"href":"https:\/\/blogs.correiobraziliense.com.br\/capital-sa\/wp-json\/wp\/v2\/posts\/7758\/revisions"}],"predecessor-version":[{"id":7766,"href":"https:\/\/blogs.correiobraziliense.com.br\/capital-sa\/wp-json\/wp\/v2\/posts\/7758\/revisions\/7766"}],"wp:featuredmedia":[{"embeddable":true,"href":"https:\/\/blogs.correiobraziliense.com.br\/capital-sa\/wp-json\/wp\/v2\/media\/7761"}],"wp:attachment":[{"href":"https:\/\/blogs.correiobraziliense.com.br\/capital-sa\/wp-json\/wp\/v2\/media?parent=7758"}],"wp:term":[{"taxonomy":"category","embeddable":true,"href":"https:\/\/blogs.correiobraziliense.com.br\/capital-sa\/wp-json\/wp\/v2\/categories?post=7758"},{"taxonomy":"post_tag","embeddable":true,"href":"https:\/\/blogs.correiobraziliense.com.br\/capital-sa\/wp-json\/wp\/v2\/tags?post=7758"}],"curies":[{"name":"wp","href":"https:\/\/api.w.org\/{rel}","templated":true}]}}