{"id":7749,"date":"2022-04-21T15:43:57","date_gmt":"2022-04-21T18:43:57","guid":{"rendered":"https:\/\/blogs.correiobraziliense.com.br\/capital-sa\/?p=7749"},"modified":"2022-04-22T23:19:23","modified_gmt":"2022-04-23T02:19:23","slug":"brasilia-empreendedorismo-no-dna","status":"publish","type":"post","link":"https:\/\/blogs.correiobraziliense.com.br\/capital-sa\/2022\/04\/21\/brasilia-empreendedorismo-no-dna\/","title":{"rendered":"Bras\u00edlia &#8211; empreendedorismo no DNA"},"content":{"rendered":"<p>Por Samanta Sallum<\/p>\n<p>Bras\u00edlia tem o empreendedorismo na veia. Foi erguida gra\u00e7as a essa for\u00e7a propulsora que gerou milhares de oportunidades, onde era, h\u00e1 62 anos, uma imensid\u00e3o a ser desbravada. Cidade jovem em quem recaem grande peso e responsabilidade por ser sede dos Tr\u00eas Poderes. E a saga continua diante de um grande desafio: a busca de um \u00a0desenvolvimento econ\u00f4mico que consiga garantir \u00e0s novas gera\u00e7\u00f5es emprego, renda e qualidade de vida.<\/p>\n<p><img loading=\"lazy\" decoding=\"async\" class=\"aligncenter size-medium wp-image-7754\" src=\"https:\/\/blogs.correiobraziliense.com.br\/capital-sa\/wp-content\/uploads\/sites\/59\/2022\/04\/FD086B2E-7B0D-4EB9-9AB9-CF3D0C9C2651-291x300.jpeg\" alt=\"\" width=\"291\" height=\"300\" srcset=\"https:\/\/blogs.correiobraziliense.com.br\/capital-sa\/wp-content\/uploads\/sites\/59\/2022\/04\/FD086B2E-7B0D-4EB9-9AB9-CF3D0C9C2651-291x300.jpeg 291w, https:\/\/blogs.correiobraziliense.com.br\/capital-sa\/wp-content\/uploads\/sites\/59\/2022\/04\/FD086B2E-7B0D-4EB9-9AB9-CF3D0C9C2651-550x567.jpeg 550w, https:\/\/blogs.correiobraziliense.com.br\/capital-sa\/wp-content\/uploads\/sites\/59\/2022\/04\/FD086B2E-7B0D-4EB9-9AB9-CF3D0C9C2651-230x237.jpeg 230w, https:\/\/blogs.correiobraziliense.com.br\/capital-sa\/wp-content\/uploads\/sites\/59\/2022\/04\/FD086B2E-7B0D-4EB9-9AB9-CF3D0C9C2651.jpeg 639w\" sizes=\"auto, (max-width: 291px) 100vw, 291px\" \/><\/p>\n<p>A mudan\u00e7a de matriz econ\u00f4mica se imp\u00f5e urgente. A capacidade do setor p\u00fablico de \u201csustentar\u201d a capital federal se esgota. E o caminho \u00e9 fortalecer o empreendedorismo com inova\u00e7\u00e3o. Neste dia, lideran\u00e7as empresariais da cidade manifestaram seu afeto pelo nosso quadradinho.<\/p>\n<p>\u201c\u00c9 hora de Bras\u00edlia se industrializar, de se tornar atrativa para uma ind\u00fastria moderna, limpa, inovadora, que ser\u00e1 capaz de gerar empregos e renda para uma popula\u00e7\u00e3o que j\u00e1 ultrapassa os 3 milh\u00f5es de habitantes e que cada vez ter\u00e1 menos oportunidades de emprego na administra\u00e7\u00e3o p\u00fablica\u201d,\u00a0<b>Jamal Bittar, presidente da Fibra<\/b><\/p>\n<p>\u201cBras\u00edlia, a cidade que escolhi pra viver; aqui estudei, me formei, constru\u00ed minha fam\u00edlia e minha vida empresarial. Essa capital tem uma grande capacidade empreendedora e com vocac\u00e3o para o com\u00e9rcio, servi\u00e7os e turismo. \u00a0Continuaremos trabalhando para garantir que o setor produtivo tenha as melhores condi\u00e7\u00f5es de se reerguer completamente depois das dificuldades da pandemia\u201d,\u00a0<b>Jos\u00e9 Aparecido Freire, presidente Fecom\u00e9rcio DF.<\/b><\/p>\n<p>\u201cBras\u00edlia foi criada na inspira\u00e7\u00e3o da arte do Arquiteto e na for\u00e7a do empreendedorismo de Juscelino Kubitschek \u00a0E \u00e9 essa inspira\u00e7\u00e3o que mant\u00e9m viva a Bras\u00edlia empreendedora, fruto de muito trabalho e de muita inova\u00e7\u00e3o. Precisamos levar o desenvolvimento com a gera\u00e7\u00e3o de empregos e a distribui\u00e7\u00e3o de renda para todos os brasilienses\u201d,\u00a0<b>Valdir Oliveira, superintendente do Sebrae DF.<\/b><\/p>\n","protected":false},"excerpt":{"rendered":"<p>Por Samanta Sallum Bras\u00edlia tem o empreendedorismo na veia. Foi erguida gra\u00e7as a essa for\u00e7a propulsora que gerou milhares de oportunidades, onde era, h\u00e1 62 anos, uma imensid\u00e3o a ser desbravada. Cidade jovem em quem recaem grande peso e responsabilidade por ser sede dos Tr\u00eas Poderes. E a saga continua diante de um grande desafio: a busca de um \u00a0desenvolvimento [&hellip;]<\/p>\n","protected":false},"author":125,"featured_media":7752,"comment_status":"open","ping_status":"open","sticky":false,"template":"","format":"standard","meta":{"footnotes":""},"categories":[6],"tags":[124,962,734,1009,2],"class_list":["post-7749","post","type-post","status-publish","format-standard","has-post-thumbnail","hentry","category-coluna-capital-s-a","tag-brasilia","tag-desenvolvimento","tag-fecomercio-df","tag-sebradf","tag-empreendedorismo"],"_links":{"self":[{"href":"https:\/\/blogs.correiobraziliense.com.br\/capital-sa\/wp-json\/wp\/v2\/posts\/7749","targetHints":{"allow":["GET"]}}],"collection":[{"href":"https:\/\/blogs.correiobraziliense.com.br\/capital-sa\/wp-json\/wp\/v2\/posts"}],"about":[{"href":"https:\/\/blogs.correiobraziliense.com.br\/capital-sa\/wp-json\/wp\/v2\/types\/post"}],"author":[{"embeddable":true,"href":"https:\/\/blogs.correiobraziliense.com.br\/capital-sa\/wp-json\/wp\/v2\/users\/125"}],"replies":[{"embeddable":true,"href":"https:\/\/blogs.correiobraziliense.com.br\/capital-sa\/wp-json\/wp\/v2\/comments?post=7749"}],"version-history":[{"count":7,"href":"https:\/\/blogs.correiobraziliense.com.br\/capital-sa\/wp-json\/wp\/v2\/posts\/7749\/revisions"}],"predecessor-version":[{"id":7768,"href":"https:\/\/blogs.correiobraziliense.com.br\/capital-sa\/wp-json\/wp\/v2\/posts\/7749\/revisions\/7768"}],"wp:featuredmedia":[{"embeddable":true,"href":"https:\/\/blogs.correiobraziliense.com.br\/capital-sa\/wp-json\/wp\/v2\/media\/7752"}],"wp:attachment":[{"href":"https:\/\/blogs.correiobraziliense.com.br\/capital-sa\/wp-json\/wp\/v2\/media?parent=7749"}],"wp:term":[{"taxonomy":"category","embeddable":true,"href":"https:\/\/blogs.correiobraziliense.com.br\/capital-sa\/wp-json\/wp\/v2\/categories?post=7749"},{"taxonomy":"post_tag","embeddable":true,"href":"https:\/\/blogs.correiobraziliense.com.br\/capital-sa\/wp-json\/wp\/v2\/tags?post=7749"}],"curies":[{"name":"wp","href":"https:\/\/api.w.org\/{rel}","templated":true}]}}