{"id":774,"date":"2020-11-26T08:10:03","date_gmt":"2020-11-26T11:10:03","guid":{"rendered":"https:\/\/blogs.correiobraziliense.com.br\/capital-sa\/?p=774"},"modified":"2020-11-25T22:39:00","modified_gmt":"2020-11-26T01:39:00","slug":"mourao-sistema-s-ajudara-na-luta-contra-o-desemprego","status":"publish","type":"post","link":"https:\/\/blogs.correiobraziliense.com.br\/capital-sa\/2020\/11\/26\/mourao-sistema-s-ajudara-na-luta-contra-o-desemprego\/","title":{"rendered":"Mour\u00e3o: sistema S ajudar\u00e1 na luta contra o desemprego"},"content":{"rendered":"<p>O vice-presidente da Rep\u00fablica, general Hamilton Mour\u00e3o, afirmou que o sistema S ser\u00e1 de extrema import\u00e2ncia para recolocar milhares de desempregados no mercado de trabalho.<br \/>\nFazem parte do sistema Senac, Sesc, Senai e Senar. S\u00e3o entidades custeadas pelo setor empresarial que garantem capacita\u00e7\u00e3o profissional, al\u00e9m de oferecer assist\u00eancia social e de sa\u00fade\u00a0a trabalhadores do com\u00e9rcio, da ind\u00fastria e agricultura.<\/p>\n<blockquote><p>\u201cEstamos saindo de um modelo de produ\u00e7\u00e3o para ingressar em um outro que exige o uso intensivo de tecnologia. \u00c9 necess\u00e1rio preparar os trabalhadores para o cen\u00e1rio que ter\u00e3o de enfrentar. Eu vejo o sistema S como uma das grandes entidades capazes de suprir essa lacuna\u201d, disse <strong>Mour\u00e3o<\/strong>, em teleconfer\u00eancia com representantes do sistema.<\/p><\/blockquote>\n<h3>Qualidade de norte a sul<\/h3>\n<p>O vice-presidente elogiou o padr\u00e3o de qualidade das entidades ligadas ao sistema S.<\/p>\n<blockquote><p>\u201cJ\u00e1 visitei de norte a sul, e em todas vi um alto n\u00edvel de servi\u00e7os sendo mantido, o que \u00e9 raro num pa\u00eds de dimens\u00f5es continentais como o nosso. Portanto, julgo que n\u00f3s, governo, devemos e podemos utilizar mais o sistema nesta vis\u00e3o de enfrentamento aos novos desafios de emprego no pa\u00eds.\u201d<\/p><\/blockquote>\n<h3><\/h3>\n<h3>Nova faculdade do Senac<\/h3>\n<p>No DF,\u00a0o sistema S j\u00e1 realiza diversas a\u00e7\u00f5es para capacitar profissionais durante a pandemia.<\/p>\n<p><img loading=\"lazy\" decoding=\"async\" class=\"aligncenter size-medium wp-image-775\" src=\"https:\/\/blogs.correiobraziliense.com.br\/capital-sa\/wp-content\/uploads\/sites\/59\/2020\/11\/c-2-300x262.jpg\" alt=\"\" width=\"300\" height=\"262\" srcset=\"https:\/\/blogs.correiobraziliense.com.br\/capital-sa\/wp-content\/uploads\/sites\/59\/2020\/11\/c-2-300x262.jpg 300w, https:\/\/blogs.correiobraziliense.com.br\/capital-sa\/wp-content\/uploads\/sites\/59\/2020\/11\/c-2-230x201.jpg 230w, https:\/\/blogs.correiobraziliense.com.br\/capital-sa\/wp-content\/uploads\/sites\/59\/2020\/11\/c-2.jpg 543w\" sizes=\"auto, (max-width: 300px) 100vw, 300px\" \/><\/p>\n<blockquote><p>\u00a0\u201cVamos inaugurar\u00a0a nova faculdade do Senac, em instala\u00e7\u00f5es modernas voltadas \u00e0 tecnologia, para cursos ligados ao setor, que s\u00e3o os mais demandados no cen\u00e1rio que se apresenta\u201d,\u00a0 \u00a0 \u00a0anuncia o presidente da Fecom\u00e9rcio- DF, <strong>Francisco Maia<\/strong>.<\/p><\/blockquote>\n","protected":false},"excerpt":{"rendered":"<p>O vice-presidente da Rep\u00fablica, general Hamilton Mour\u00e3o, afirmou que o sistema S ser\u00e1 de extrema import\u00e2ncia para recolocar milhares de desempregados no mercado de trabalho. Fazem parte do sistema Senac, Sesc, Senai e Senar. S\u00e3o entidades custeadas pelo setor empresarial que garantem capacita\u00e7\u00e3o profissional, al\u00e9m de oferecer assist\u00eancia social e de sa\u00fade\u00a0a trabalhadores do com\u00e9rcio, da ind\u00fastria e agricultura. \u201cEstamos [&hellip;]<\/p>\n","protected":false},"author":125,"featured_media":776,"comment_status":"open","ping_status":"open","sticky":false,"template":"","format":"standard","meta":{"footnotes":""},"categories":[6],"tags":[158,159,157,156,155],"class_list":["post-774","post","type-post","status-publish","format-standard","has-post-thumbnail","hentry","category-coluna-capital-s-a","tag-empregos","tag-fecomerciodf","tag-hamiltonmourao","tag-senac","tag-sistemas"],"_links":{"self":[{"href":"https:\/\/blogs.correiobraziliense.com.br\/capital-sa\/wp-json\/wp\/v2\/posts\/774","targetHints":{"allow":["GET"]}}],"collection":[{"href":"https:\/\/blogs.correiobraziliense.com.br\/capital-sa\/wp-json\/wp\/v2\/posts"}],"about":[{"href":"https:\/\/blogs.correiobraziliense.com.br\/capital-sa\/wp-json\/wp\/v2\/types\/post"}],"author":[{"embeddable":true,"href":"https:\/\/blogs.correiobraziliense.com.br\/capital-sa\/wp-json\/wp\/v2\/users\/125"}],"replies":[{"embeddable":true,"href":"https:\/\/blogs.correiobraziliense.com.br\/capital-sa\/wp-json\/wp\/v2\/comments?post=774"}],"version-history":[{"count":4,"href":"https:\/\/blogs.correiobraziliense.com.br\/capital-sa\/wp-json\/wp\/v2\/posts\/774\/revisions"}],"predecessor-version":[{"id":780,"href":"https:\/\/blogs.correiobraziliense.com.br\/capital-sa\/wp-json\/wp\/v2\/posts\/774\/revisions\/780"}],"wp:featuredmedia":[{"embeddable":true,"href":"https:\/\/blogs.correiobraziliense.com.br\/capital-sa\/wp-json\/wp\/v2\/media\/776"}],"wp:attachment":[{"href":"https:\/\/blogs.correiobraziliense.com.br\/capital-sa\/wp-json\/wp\/v2\/media?parent=774"}],"wp:term":[{"taxonomy":"category","embeddable":true,"href":"https:\/\/blogs.correiobraziliense.com.br\/capital-sa\/wp-json\/wp\/v2\/categories?post=774"},{"taxonomy":"post_tag","embeddable":true,"href":"https:\/\/blogs.correiobraziliense.com.br\/capital-sa\/wp-json\/wp\/v2\/tags?post=774"}],"curies":[{"name":"wp","href":"https:\/\/api.w.org\/{rel}","templated":true}]}}