{"id":7735,"date":"2022-04-21T10:44:30","date_gmt":"2022-04-21T13:44:30","guid":{"rendered":"https:\/\/blogs.correiobraziliense.com.br\/capital-sa\/?p=7735"},"modified":"2022-04-22T23:25:13","modified_gmt":"2022-04-23T02:25:13","slug":"sabin-compra-laboratorio-de-sao-paulo-e-chega-a-31-aquisicoes-no-pais","status":"publish","type":"post","link":"https:\/\/blogs.correiobraziliense.com.br\/capital-sa\/2022\/04\/21\/sabin-compra-laboratorio-de-sao-paulo-e-chega-a-31-aquisicoes-no-pais\/","title":{"rendered":"Sabin compra laborat\u00f3rio de S\u00e3o Paulo e chega a 31 aquisi\u00e7\u00f5es no pa\u00eds"},"content":{"rendered":"<p>Por Samanta Sallum<\/p>\n<p>Ao completar 10 anos do ciclo de expans\u00e3o, o Grupo Sabin deu mais um grande passo na estrat\u00e9gia de crescimento. Acaba de realizar a aquisi\u00e7\u00e3o do Laborat\u00f3rio CML no estado de S\u00e3o Paulo. Passa a liderar agora 100% da opera\u00e7\u00e3o da rede paulista, que tem sede em Vinhedo e presen\u00e7a nas cidades de Valinhos e Louveira. Com o novo neg\u00f3cio, chega \u00e0 31\u00aa aquisi\u00e7\u00e3o no pa\u00eds.<\/p>\n<p><b>Expans\u00e3o cont\u00ednua<\/b><\/p>\n<p>\u201cO ano de 2012 representou um marco na nossa hist\u00f3ria com a decis\u00e3o de expandir. E, passada uma d\u00e9cada, concretizamos com sucesso essa meta. Continuamos com o compromisso de levar a qualidade dos nossos servi\u00e7os a cada vez mais pessoas no pa\u00eds\u201d, destacou L\u00eddia Abdalla, presidente do grupo.<\/p>\n","protected":false},"excerpt":{"rendered":"<p>Por Samanta Sallum Ao completar 10 anos do ciclo de expans\u00e3o, o Grupo Sabin deu mais um grande passo na estrat\u00e9gia de crescimento. Acaba de realizar a aquisi\u00e7\u00e3o do Laborat\u00f3rio CML no estado de S\u00e3o Paulo. Passa a liderar agora 100% da opera\u00e7\u00e3o da rede paulista, que tem sede em Vinhedo e presen\u00e7a nas cidades de Valinhos e Louveira. Com [&hellip;]<\/p>\n","protected":false},"author":125,"featured_media":7738,"comment_status":"open","ping_status":"open","sticky":false,"template":"","format":"standard","meta":{"footnotes":""},"categories":[6],"tags":[1012,374,660,185],"class_list":["post-7735","post","type-post","status-publish","format-standard","has-post-thumbnail","hentry","category-coluna-capital-s-a","tag-10anos","tag-expansao","tag-sabin","tag-saopaulo"],"_links":{"self":[{"href":"https:\/\/blogs.correiobraziliense.com.br\/capital-sa\/wp-json\/wp\/v2\/posts\/7735","targetHints":{"allow":["GET"]}}],"collection":[{"href":"https:\/\/blogs.correiobraziliense.com.br\/capital-sa\/wp-json\/wp\/v2\/posts"}],"about":[{"href":"https:\/\/blogs.correiobraziliense.com.br\/capital-sa\/wp-json\/wp\/v2\/types\/post"}],"author":[{"embeddable":true,"href":"https:\/\/blogs.correiobraziliense.com.br\/capital-sa\/wp-json\/wp\/v2\/users\/125"}],"replies":[{"embeddable":true,"href":"https:\/\/blogs.correiobraziliense.com.br\/capital-sa\/wp-json\/wp\/v2\/comments?post=7735"}],"version-history":[{"count":4,"href":"https:\/\/blogs.correiobraziliense.com.br\/capital-sa\/wp-json\/wp\/v2\/posts\/7735\/revisions"}],"predecessor-version":[{"id":7772,"href":"https:\/\/blogs.correiobraziliense.com.br\/capital-sa\/wp-json\/wp\/v2\/posts\/7735\/revisions\/7772"}],"wp:featuredmedia":[{"embeddable":true,"href":"https:\/\/blogs.correiobraziliense.com.br\/capital-sa\/wp-json\/wp\/v2\/media\/7738"}],"wp:attachment":[{"href":"https:\/\/blogs.correiobraziliense.com.br\/capital-sa\/wp-json\/wp\/v2\/media?parent=7735"}],"wp:term":[{"taxonomy":"category","embeddable":true,"href":"https:\/\/blogs.correiobraziliense.com.br\/capital-sa\/wp-json\/wp\/v2\/categories?post=7735"},{"taxonomy":"post_tag","embeddable":true,"href":"https:\/\/blogs.correiobraziliense.com.br\/capital-sa\/wp-json\/wp\/v2\/tags?post=7735"}],"curies":[{"name":"wp","href":"https:\/\/api.w.org\/{rel}","templated":true}]}}