{"id":7712,"date":"2022-04-20T15:21:57","date_gmt":"2022-04-20T18:21:57","guid":{"rendered":"https:\/\/blogs.correiobraziliense.com.br\/capital-sa\/?p=7712"},"modified":"2022-04-20T16:57:12","modified_gmt":"2022-04-20T19:57:12","slug":"25-anos-de-varejo-arte-e-gastronomia","status":"publish","type":"post","link":"https:\/\/blogs.correiobraziliense.com.br\/capital-sa\/2022\/04\/20\/25-anos-de-varejo-arte-e-gastronomia\/","title":{"rendered":"25 anos de varejo, arte e gastronomia"},"content":{"rendered":"<div>\n<p>Por Samanta Sallum<\/p>\n<\/div>\n<div><\/div>\n<div><\/div>\n<div><\/div>\n<div>\n<p>O Bras\u00edlia Shopping celebrou 25 anos ontem em evento com arte e gastronomia no rooftop. Faz parte da comemora\u00e7\u00e3o uma mostra em proje\u00e7\u00e3o digital que relembra a hist\u00f3ria de Bras\u00edlia e do shopping. A exposi\u00e7\u00e3o homenageia especialmente \u00a0Ruy Ohtake, o arquiteto que projetou o centro comercial.<\/p>\n<\/div>\n<div><\/div>\n<div><\/div>\n<div>\n<p>O evento reuniu convidados, empres\u00e1rios, autoridades e jornalistas. Entre os presentes, o governador Ibaneis Rocha.<\/p>\n<\/div>\n<div><\/div>\n<div><\/div>\n<div><b>Impacto econ\u00f4mico para a cidade\u00a0<\/b><\/div>\n<div><\/div>\n<div>O empreendimento re\u00fane 160 lojas e gera cerca de 1,5 mil empregos diretos e indiretos. A expectativa \u00e9 que as vendas em 2022 cheguem a R$ 530 milh\u00f5es, cerca de 8% maior que o volume 2019, ano anterior \u00e0 pandemia.<\/div>\n<div><\/div>\n<blockquote>\n<div>&#8220;O Bras\u00edlia Shopping foi um marco hist\u00f3rico no segmento, pela arquitetura inovadora do saudoso Ruy Ohtake e pela localiza\u00e7\u00e3o privilegiada. Ao longo destes 25 anos, tem sido muito rent\u00e1vel para investidores e lojistas, criando empregos e gerando muitas oportunidades de bons neg\u00f3cios&#8221;, destacou Paulo Oct\u00e1vio, CEO das Organiza\u00e7\u00f5es PaulOOctavio.<\/div>\n<\/blockquote>\n<div>\n<p>Gilberto Azevedo, superintendente do Bras\u00edlia, e Geraldo Mello, diretor de Shoppings do Grupo, celebraram a data com Paulo Oct\u00e1vio.<\/p>\n<p><img loading=\"lazy\" decoding=\"async\" class=\"aligncenter size-medium wp-image-7724\" src=\"https:\/\/blogs.correiobraziliense.com.br\/capital-sa\/wp-content\/uploads\/sites\/59\/2022\/04\/5C1D8C28-FC24-4ED0-8B84-692C145BE5FC-300x204.jpeg\" alt=\"\" width=\"300\" height=\"204\" srcset=\"https:\/\/blogs.correiobraziliense.com.br\/capital-sa\/wp-content\/uploads\/sites\/59\/2022\/04\/5C1D8C28-FC24-4ED0-8B84-692C145BE5FC-300x204.jpeg 300w, https:\/\/blogs.correiobraziliense.com.br\/capital-sa\/wp-content\/uploads\/sites\/59\/2022\/04\/5C1D8C28-FC24-4ED0-8B84-692C145BE5FC-550x373.jpeg 550w, https:\/\/blogs.correiobraziliense.com.br\/capital-sa\/wp-content\/uploads\/sites\/59\/2022\/04\/5C1D8C28-FC24-4ED0-8B84-692C145BE5FC-230x156.jpeg 230w, https:\/\/blogs.correiobraziliense.com.br\/capital-sa\/wp-content\/uploads\/sites\/59\/2022\/04\/5C1D8C28-FC24-4ED0-8B84-692C145BE5FC.jpeg 620w\" sizes=\"auto, (max-width: 300px) 100vw, 300px\" \/><\/p>\n<\/div>\n<div><\/div>\n<div>A escolha do local para o evento, o rooftop, sinalizou que o shopping pretende aproveitar melhor o espa\u00e7o. Arejado e com uma bela vista, foi o palco ontem do coquetel, com Buffet de Renata La Porta. O Restaurante Vasto tamb\u00e9m assinou o card\u00e1pio.<\/div>\n<div><\/div>\n<div><\/div>\n<div><\/div>\n<div><\/div>\n","protected":false},"excerpt":{"rendered":"<p>Por Samanta Sallum O Bras\u00edlia Shopping celebrou 25 anos ontem em evento com arte e gastronomia no rooftop. Faz parte da comemora\u00e7\u00e3o uma mostra em proje\u00e7\u00e3o digital que relembra a hist\u00f3ria de Bras\u00edlia e do shopping. A exposi\u00e7\u00e3o homenageia especialmente \u00a0Ruy Ohtake, o arquiteto que projetou o centro comercial. O evento reuniu convidados, empres\u00e1rios, autoridades e jornalistas. Entre os presentes, [&hellip;]<\/p>\n","protected":false},"author":125,"featured_media":7727,"comment_status":"open","ping_status":"open","sticky":false,"template":"","format":"standard","meta":{"footnotes":""},"categories":[6],"tags":[998,561,997,141,642,112,999,402],"class_list":["post-7712","post","type-post","status-publish","format-standard","has-post-thumbnail","hentry","category-coluna-capital-s-a","tag-25anos","tag-aniversario","tag-brasiliashopping","tag-evento","tag-ibaneisrocha","tag-paulooctavio","tag-ruyohtake","tag-shopping"],"_links":{"self":[{"href":"https:\/\/blogs.correiobraziliense.com.br\/capital-sa\/wp-json\/wp\/v2\/posts\/7712","targetHints":{"allow":["GET"]}}],"collection":[{"href":"https:\/\/blogs.correiobraziliense.com.br\/capital-sa\/wp-json\/wp\/v2\/posts"}],"about":[{"href":"https:\/\/blogs.correiobraziliense.com.br\/capital-sa\/wp-json\/wp\/v2\/types\/post"}],"author":[{"embeddable":true,"href":"https:\/\/blogs.correiobraziliense.com.br\/capital-sa\/wp-json\/wp\/v2\/users\/125"}],"replies":[{"embeddable":true,"href":"https:\/\/blogs.correiobraziliense.com.br\/capital-sa\/wp-json\/wp\/v2\/comments?post=7712"}],"version-history":[{"count":16,"href":"https:\/\/blogs.correiobraziliense.com.br\/capital-sa\/wp-json\/wp\/v2\/posts\/7712\/revisions"}],"predecessor-version":[{"id":7733,"href":"https:\/\/blogs.correiobraziliense.com.br\/capital-sa\/wp-json\/wp\/v2\/posts\/7712\/revisions\/7733"}],"wp:featuredmedia":[{"embeddable":true,"href":"https:\/\/blogs.correiobraziliense.com.br\/capital-sa\/wp-json\/wp\/v2\/media\/7727"}],"wp:attachment":[{"href":"https:\/\/blogs.correiobraziliense.com.br\/capital-sa\/wp-json\/wp\/v2\/media?parent=7712"}],"wp:term":[{"taxonomy":"category","embeddable":true,"href":"https:\/\/blogs.correiobraziliense.com.br\/capital-sa\/wp-json\/wp\/v2\/categories?post=7712"},{"taxonomy":"post_tag","embeddable":true,"href":"https:\/\/blogs.correiobraziliense.com.br\/capital-sa\/wp-json\/wp\/v2\/tags?post=7712"}],"curies":[{"name":"wp","href":"https:\/\/api.w.org\/{rel}","templated":true}]}}