{"id":771,"date":"2020-11-25T09:25:38","date_gmt":"2020-11-25T12:25:38","guid":{"rendered":"https:\/\/blogs.correiobraziliense.com.br\/capital-sa\/?p=771"},"modified":"2020-11-25T09:25:38","modified_gmt":"2020-11-25T12:25:38","slug":"uma-mistura-brasiliense-e-mineira","status":"publish","type":"post","link":"https:\/\/blogs.correiobraziliense.com.br\/capital-sa\/2020\/11\/25\/uma-mistura-brasiliense-e-mineira\/","title":{"rendered":"Uma mistura brasiliense e mineira"},"content":{"rendered":"<p>O engenheiro Gustavo Pimentel, 31 anos, e a jornalista Lina dos Santos, 39 anos, abandonaram os of\u00edcios de forma\u00e7\u00e3o por amor ao caf\u00e9. Os primos mineiros se aventuraram na abertura do Quanto Caf\u00e9, a casa que j\u00e1 \u00e9 point cult da capital e que completou 2 anos em junho.<\/p>\n<p>Inaugurado em 2018, na 103 Norte, o empreendimento logo ganhou destaque, servindo caf\u00e9s exclusivos criados Gustavo, que virou barista. No card\u00e1pio, a ordem \u00e9 resgatar sabores e delicadezas. Tudo \u00e9 produzido no Quanto, diariamente. Os insumos s\u00e3o adquiridos diretamente de pequenos produtores certificados, de prefer\u00eancia locais, como manteiga e ovos da Associa\u00e7\u00e3o dos Produtores Rurais do Lago Oeste. As geleias tamb\u00e9m s\u00e3o feitas por l\u00e1, com frutas org\u00e2nicas. A cuca, paix\u00e3o dos ga\u00fachos, por aqui ganhou amoras frescas, frutinha que tem lugar especial no paladar do brasiliense.<\/p>\n<blockquote><p>&#8220;Optar por fazer menos coisas, por\u00e9m com mais dedica\u00e7\u00e3o. Isso nos moveu. Um desejo de olhar para o lado, para perto, ser efetivamente parte da comunidade&#8221;, diz <strong>Lina<\/strong>.<\/p><\/blockquote>\n<p>No Quanto, o caf\u00e9 \u00e9 servido sempre com torra nova e clara, detalhe que preserva aroma e sabor. Os gr\u00e3os exclusivos da casa s\u00e3o cultivados artesanalmente no Esp\u00edrito Santo e torrados em Belo Horizonte, pela OOP COFFEE.<\/p>\n","protected":false},"excerpt":{"rendered":"<p>O engenheiro Gustavo Pimentel, 31 anos, e a jornalista Lina dos Santos, 39 anos, abandonaram os of\u00edcios de forma\u00e7\u00e3o por amor ao caf\u00e9. Os primos mineiros se aventuraram na abertura do Quanto Caf\u00e9, a casa que j\u00e1 \u00e9 point cult da capital e que completou 2 anos em junho. Inaugurado em 2018, na 103 Norte, o empreendimento logo ganhou destaque, [&hellip;]<\/p>\n","protected":false},"author":125,"featured_media":772,"comment_status":"open","ping_status":"open","sticky":false,"template":"","format":"standard","meta":{"footnotes":""},"categories":[6],"tags":[152,151,154,153,149,150],"class_list":["post-771","post","type-post","status-publish","format-standard","has-post-thumbnail","hentry","category-coluna-capital-s-a","tag-asanorte","tag-barista","tag-empreendimento","tag-graosexclusivos","tag-quantocafe","tag-3cafe"],"_links":{"self":[{"href":"https:\/\/blogs.correiobraziliense.com.br\/capital-sa\/wp-json\/wp\/v2\/posts\/771","targetHints":{"allow":["GET"]}}],"collection":[{"href":"https:\/\/blogs.correiobraziliense.com.br\/capital-sa\/wp-json\/wp\/v2\/posts"}],"about":[{"href":"https:\/\/blogs.correiobraziliense.com.br\/capital-sa\/wp-json\/wp\/v2\/types\/post"}],"author":[{"embeddable":true,"href":"https:\/\/blogs.correiobraziliense.com.br\/capital-sa\/wp-json\/wp\/v2\/users\/125"}],"replies":[{"embeddable":true,"href":"https:\/\/blogs.correiobraziliense.com.br\/capital-sa\/wp-json\/wp\/v2\/comments?post=771"}],"version-history":[{"count":1,"href":"https:\/\/blogs.correiobraziliense.com.br\/capital-sa\/wp-json\/wp\/v2\/posts\/771\/revisions"}],"predecessor-version":[{"id":773,"href":"https:\/\/blogs.correiobraziliense.com.br\/capital-sa\/wp-json\/wp\/v2\/posts\/771\/revisions\/773"}],"wp:featuredmedia":[{"embeddable":true,"href":"https:\/\/blogs.correiobraziliense.com.br\/capital-sa\/wp-json\/wp\/v2\/media\/772"}],"wp:attachment":[{"href":"https:\/\/blogs.correiobraziliense.com.br\/capital-sa\/wp-json\/wp\/v2\/media?parent=771"}],"wp:term":[{"taxonomy":"category","embeddable":true,"href":"https:\/\/blogs.correiobraziliense.com.br\/capital-sa\/wp-json\/wp\/v2\/categories?post=771"},{"taxonomy":"post_tag","embeddable":true,"href":"https:\/\/blogs.correiobraziliense.com.br\/capital-sa\/wp-json\/wp\/v2\/tags?post=771"}],"curies":[{"name":"wp","href":"https:\/\/api.w.org\/{rel}","templated":true}]}}