{"id":7696,"date":"2022-04-20T10:42:57","date_gmt":"2022-04-20T13:42:57","guid":{"rendered":"https:\/\/blogs.correiobraziliense.com.br\/capital-sa\/?p=7696"},"modified":"2022-04-20T17:08:38","modified_gmt":"2022-04-20T20:08:38","slug":"uber-agora-tem-opcao-de-viagem-que-compensar-emissao-de-carbono","status":"publish","type":"post","link":"https:\/\/blogs.correiobraziliense.com.br\/capital-sa\/2022\/04\/20\/uber-agora-tem-opcao-de-viagem-que-compensar-emissao-de-carbono\/","title":{"rendered":"Uber cria op\u00e7\u00e3o de viagem que compensa emiss\u00e3o de carbono"},"content":{"rendered":"<div>\n<p>Por Samanta Sallum.<\/p>\n<\/div>\n<div><\/div>\n<div><\/div>\n<div>\n<p>Em celebra\u00e7\u00e3o ao Dia da Terra, comemorado na sexta-feira, a Uber lan\u00e7ou ontem, em Bras\u00edlia, o Uber Planet. \u00c9 uma nova modalidade de viagem, na qual \u00e9 compensada a emiss\u00e3o de carbono. Para isso, se uniu \u00e0 <u>Carbonext<\/u>, empresa respons\u00e1vel por medir e compensar a pegada de CO2.<\/p>\n<\/div>\n<div><\/div>\n<div><\/div>\n<div>\n<p>Desde que a iniciativa chegou \u00e0 Am\u00e9rica Latina, mais de 12 milh\u00f5es de usu\u00e1rios j\u00e1 utilizaram o Planet e conseguiram compensar mais de 47 mil toneladas de CO2. E agora o Distrito Federal entra nesse circuito.<\/p>\n<\/div>\n<div><\/div>\n<div><\/div>\n<div><b>Para a Floresta Amaz\u00f4nica<\/b><\/div>\n<div><\/div>\n<div>\n<p>Os cr\u00e9ditos ser\u00e3o direcionados para projetos de preserva\u00e7\u00e3o de \u00e1reas em risco da Floresta Amaz\u00f4nica brasileira. A Uber <u>anunciou\u00a0<\/u>que se tornar\u00e1 uma plataforma com emiss\u00e3o zero de carbono at\u00e9 2040.<\/p>\n<\/div>\n<div><\/div>\n<div><\/div>\n<div><b>Tarifa maior<\/b><\/div>\n<div><\/div>\n<div>\n<p>O valor de uma viagem com o Planet ser\u00e1, em m\u00e9dia, 5% maior do que uma com o Uber Comfort. Ao final de cada m\u00eas, os usu\u00e1rios receber\u00e3o um relat\u00f3rio com a quantidade de CO2 compensado.<\/p>\n<\/div>\n<div><\/div>\n<div><\/div>\n<div>\n<p>\u201cEssa nova modalidade refor\u00e7a o nosso compromisso global de se tornar uma empresa cada vez mais sustent\u00e1vel\u201d, explica Silvia Penna, diretora-geral da Uber no Brasil.<\/p>\n<\/div>\n<div><\/div>\n<div><\/div>\n<div>\n<p><b>Bioeconomia\u00a0<\/b><\/p>\n<\/div>\n<div>\n<p>Para Jana\u00edna Dallan, CEO da Carbonext e parte do time de especialistas da ONU para mudan\u00e7as clim\u00e1ticas, a parceria vai estimular a conscientiza\u00e7\u00e3o e a bioeconomia.<\/p>\n<\/div>\n<div><\/div>\n<div><\/div>\n<div>\n<p class=\"p1\"><span class=\"s1\"> \u201cPara a Floresta, os cr\u00e9ditos funcionam como uma alternativa economicamente vi\u00e1vel \u00e0 derrubada das \u00e1rvores para plantio de soja, pecu\u00e1ria ou venda ilegal de madeira, preservando a biodiversidade desse bioma. A Carbonext devolve \u00e0 floresta 70% da renda gerada pela comercializa\u00e7\u00e3o dos cr\u00e9ditos de carbono para defesa, benef\u00edcio e desenvolvimento da popula\u00e7\u00e3o que mora l\u00e1\u201d, explica Jana\u00edna.<\/span><\/p>\n<\/div>\n<div><\/div>\n","protected":false},"excerpt":{"rendered":"<p>Por Samanta Sallum. Em celebra\u00e7\u00e3o ao Dia da Terra, comemorado na sexta-feira, a Uber lan\u00e7ou ontem, em Bras\u00edlia, o Uber Planet. \u00c9 uma nova modalidade de viagem, na qual \u00e9 compensada a emiss\u00e3o de carbono. Para isso, se uniu \u00e0 Carbonext, empresa respons\u00e1vel por medir e compensar a pegada de CO2. Desde que a iniciativa chegou \u00e0 Am\u00e9rica Latina, mais [&hellip;]<\/p>\n","protected":false},"author":125,"featured_media":7700,"comment_status":"open","ping_status":"open","sticky":false,"template":"","format":"standard","meta":{"footnotes":""},"categories":[6],"tags":[1002,1003,1001,326,549,1000],"class_list":["post-7696","post","type-post","status-publish","format-standard","has-post-thumbnail","hentry","category-coluna-capital-s-a","tag-co2","tag-compensacao","tag-florestaamazonica","tag-sustentabilidade","tag-uber","tag-uberplanet"],"_links":{"self":[{"href":"https:\/\/blogs.correiobraziliense.com.br\/capital-sa\/wp-json\/wp\/v2\/posts\/7696","targetHints":{"allow":["GET"]}}],"collection":[{"href":"https:\/\/blogs.correiobraziliense.com.br\/capital-sa\/wp-json\/wp\/v2\/posts"}],"about":[{"href":"https:\/\/blogs.correiobraziliense.com.br\/capital-sa\/wp-json\/wp\/v2\/types\/post"}],"author":[{"embeddable":true,"href":"https:\/\/blogs.correiobraziliense.com.br\/capital-sa\/wp-json\/wp\/v2\/users\/125"}],"replies":[{"embeddable":true,"href":"https:\/\/blogs.correiobraziliense.com.br\/capital-sa\/wp-json\/wp\/v2\/comments?post=7696"}],"version-history":[{"count":15,"href":"https:\/\/blogs.correiobraziliense.com.br\/capital-sa\/wp-json\/wp\/v2\/posts\/7696\/revisions"}],"predecessor-version":[{"id":7734,"href":"https:\/\/blogs.correiobraziliense.com.br\/capital-sa\/wp-json\/wp\/v2\/posts\/7696\/revisions\/7734"}],"wp:featuredmedia":[{"embeddable":true,"href":"https:\/\/blogs.correiobraziliense.com.br\/capital-sa\/wp-json\/wp\/v2\/media\/7700"}],"wp:attachment":[{"href":"https:\/\/blogs.correiobraziliense.com.br\/capital-sa\/wp-json\/wp\/v2\/media?parent=7696"}],"wp:term":[{"taxonomy":"category","embeddable":true,"href":"https:\/\/blogs.correiobraziliense.com.br\/capital-sa\/wp-json\/wp\/v2\/categories?post=7696"},{"taxonomy":"post_tag","embeddable":true,"href":"https:\/\/blogs.correiobraziliense.com.br\/capital-sa\/wp-json\/wp\/v2\/tags?post=7696"}],"curies":[{"name":"wp","href":"https:\/\/api.w.org\/{rel}","templated":true}]}}