{"id":7688,"date":"2022-04-19T14:30:17","date_gmt":"2022-04-19T17:30:17","guid":{"rendered":"https:\/\/blogs.correiobraziliense.com.br\/capital-sa\/?p=7688"},"modified":"2022-04-20T16:53:24","modified_gmt":"2022-04-20T19:53:24","slug":"saiba-como-participar-do-aniversario-do-balanceu","status":"publish","type":"post","link":"https:\/\/blogs.correiobraziliense.com.br\/capital-sa\/2022\/04\/19\/saiba-como-participar-do-aniversario-do-balanceu\/","title":{"rendered":"Saiba como participar do anivers\u00e1rio do Balanc\u00e9u"},"content":{"rendered":"<p>Por Samanta Sallum<\/p>\n<p>O maior balan\u00e7o do Brasil, o Balanc\u00e9u, faz anivers\u00e1rio com Bras\u00edlia e vai comemorar com pessoas que nasceram tamb\u00e9m em <a href=\"\/\/2\">21 de abril<\/a>. A atra\u00e7\u00e3o tur\u00edstica, que fica no Lago Oeste, celebra 1 ano de funcionamento. O balan\u00e7o tem 7 metros de altura e virou um dos pontos mais fotografados da capital federal.<\/p>\n<p>Mais de 2 mil pessoas j\u00e1 estiveram no balan\u00e7o diante da deslumbrante vista da Chapada da Contagem. Este ano, os aniversariantes do dia 21 s\u00e3o convidados para fazer a sua foto \u201cvoando\u201d.<\/p>\n<p>O agendamento deve ser feito pelo site do Recanto Maria Flor ou pelo WhatsApp \u00a061 99809-1221. O empreendimento \u00e9 de iniciativa privada e teve o apoio do Sebrae-DF e da Secretaria de Turismo.<\/p>\n","protected":false},"excerpt":{"rendered":"<p>Por Samanta Sallum O maior balan\u00e7o do Brasil, o Balanc\u00e9u, faz anivers\u00e1rio com Bras\u00edlia e vai comemorar com pessoas que nasceram tamb\u00e9m em 21 de abril. A atra\u00e7\u00e3o tur\u00edstica, que fica no Lago Oeste, celebra 1 ano de funcionamento. O balan\u00e7o tem 7 metros de altura e virou um dos pontos mais fotografados da capital federal. Mais de 2 mil [&hellip;]<\/p>\n","protected":false},"author":125,"featured_media":7692,"comment_status":"open","ping_status":"open","sticky":false,"template":"","format":"standard","meta":{"footnotes":""},"categories":[6],"tags":[996],"class_list":["post-7688","post","type-post","status-publish","format-standard","has-post-thumbnail","hentry","category-coluna-capital-s-a","tag-balanceu-lagooeste-sebraedf-aniversario"],"_links":{"self":[{"href":"https:\/\/blogs.correiobraziliense.com.br\/capital-sa\/wp-json\/wp\/v2\/posts\/7688","targetHints":{"allow":["GET"]}}],"collection":[{"href":"https:\/\/blogs.correiobraziliense.com.br\/capital-sa\/wp-json\/wp\/v2\/posts"}],"about":[{"href":"https:\/\/blogs.correiobraziliense.com.br\/capital-sa\/wp-json\/wp\/v2\/types\/post"}],"author":[{"embeddable":true,"href":"https:\/\/blogs.correiobraziliense.com.br\/capital-sa\/wp-json\/wp\/v2\/users\/125"}],"replies":[{"embeddable":true,"href":"https:\/\/blogs.correiobraziliense.com.br\/capital-sa\/wp-json\/wp\/v2\/comments?post=7688"}],"version-history":[{"count":8,"href":"https:\/\/blogs.correiobraziliense.com.br\/capital-sa\/wp-json\/wp\/v2\/posts\/7688\/revisions"}],"predecessor-version":[{"id":7732,"href":"https:\/\/blogs.correiobraziliense.com.br\/capital-sa\/wp-json\/wp\/v2\/posts\/7688\/revisions\/7732"}],"wp:featuredmedia":[{"embeddable":true,"href":"https:\/\/blogs.correiobraziliense.com.br\/capital-sa\/wp-json\/wp\/v2\/media\/7692"}],"wp:attachment":[{"href":"https:\/\/blogs.correiobraziliense.com.br\/capital-sa\/wp-json\/wp\/v2\/media?parent=7688"}],"wp:term":[{"taxonomy":"category","embeddable":true,"href":"https:\/\/blogs.correiobraziliense.com.br\/capital-sa\/wp-json\/wp\/v2\/categories?post=7688"},{"taxonomy":"post_tag","embeddable":true,"href":"https:\/\/blogs.correiobraziliense.com.br\/capital-sa\/wp-json\/wp\/v2\/tags?post=7688"}],"curies":[{"name":"wp","href":"https:\/\/api.w.org\/{rel}","templated":true}]}}