{"id":7669,"date":"2022-04-14T14:38:50","date_gmt":"2022-04-14T17:38:50","guid":{"rendered":"https:\/\/blogs.correiobraziliense.com.br\/capital-sa\/?p=7669"},"modified":"2022-04-14T16:16:46","modified_gmt":"2022-04-14T19:16:46","slug":"orlando-silva-do-pc-do-b-defende-liberdade-de-expressao-de-bolsonaro","status":"publish","type":"post","link":"https:\/\/blogs.correiobraziliense.com.br\/capital-sa\/2022\/04\/14\/orlando-silva-do-pc-do-b-defende-liberdade-de-expressao-de-bolsonaro\/","title":{"rendered":"Relator do projeto contra Fake News defende liberdade de express\u00e3o de Bolsonaro"},"content":{"rendered":"<p class=\"p1\">Por Samanta Sallum<\/p>\n<p class=\"p1\"><span class=\"s1\">O deputado federal e relator do projeto de combate a Fake News Orlando Silva (PCdoB) afirmou que o presidente Jair Bolsonaro deve ter a liberdade da palavra garantida. &#8220;N\u00e3o se pode ter uma censura pr\u00e9via. Nenhum representante p\u00fablico pode ser cerceado. O presidente Bolsonaro, por exemplo, deve ter garantida a liberdade de express\u00e3o . E se, na sua comunica\u00e7\u00e3o, for caracterizado algum crime, ter\u00e1 de responder. Liberdade de express\u00e3o n\u00e3o exime ningu\u00e9m de responder por conte\u00fados criminosos&#8221;, disse<span class=\"Apple-converted-space\">\u00a0<\/span>em entrevista ao vivo hoje para o programa <em>CB Poder<\/em>, transmitido pela TV Bras\u00edlia.<\/span><\/p>\n<p class=\"p1\"><span class=\"s1\">Orlando Silva deu o exemplo para esclarecer a inclus\u00e3o, no projeto das Fake News, de proposi\u00e7\u00e3o que estenderia a imunidade parlamentar no meio digital, como uma &#8220;zona livre&#8221;.\u00a0<span class=\"Apple-converted-space\">\u00a0&#8220;<\/span>N\u00e3o \u00e9 bem assim. O que o projeto prev\u00ea \u00e9 a cria\u00e7\u00e3o de contas de interesse p\u00fablico. Parlamentares e governantes poderiam estar inclu\u00eddos nesse formato, mas seguindo par\u00e2metros, inclusive o da transpar\u00eancia.&#8221;<\/span><\/p>\n<p class=\"p1\"><span class=\"s1\">Bolsonaro j\u00e1 chamou o projeto de lei de combate \u00e0 Fake News de &#8220;monstrengo&#8221;. O presidente apoiou a n\u00e3o aprova\u00e7\u00e3o pela C\u00e2mara dos Deputados do pedido de regime de urg\u00eancia do PL. <\/span><\/p>\n<p class=\"p1\"><span class=\"s1\">Orlando Silva n\u00e3o encara isso como uma derrota, j\u00e1 que o placar foi apertado. Dos 257 votos necess\u00e1rios, a proposta teve 249. &#8220;Acredito que ainda \u00e9 poss\u00edvel encaminhar a vota\u00e7\u00e3o ainda este ano,<span class=\"Apple-converted-space\">\u00a0<\/span>em tempo para que a lei j\u00e1 possa ter efeito nestas elei\u00e7\u00f5es. O texto j\u00e1 passou no Senado e h\u00e1 2 anos \u00e9 discutido na C\u00e2mara. J\u00e1 est\u00e1 maduro&#8221;, apontou.<\/span><\/p>\n","protected":false},"excerpt":{"rendered":"<p>Por Samanta Sallum O deputado federal e relator do projeto de combate a Fake News Orlando Silva (PCdoB) afirmou que o presidente Jair Bolsonaro deve ter a liberdade da palavra garantida. &#8220;N\u00e3o se pode ter uma censura pr\u00e9via. Nenhum representante p\u00fablico pode ser cerceado. O presidente Bolsonaro, por exemplo, deve ter garantida a liberdade de express\u00e3o . E se, na [&hellip;]<\/p>\n","protected":false},"author":125,"featured_media":7672,"comment_status":"open","ping_status":"open","sticky":false,"template":"","format":"standard","meta":{"footnotes":""},"categories":[6],"tags":[990,991,988,989,42],"class_list":["post-7669","post","type-post","status-publish","format-standard","has-post-thumbnail","hentry","category-coluna-capital-s-a","tag-fakenews","tag-liberdadedeexpressao","tag-orlandosilva","tag-pcdob","tag-bolsonaro"],"_links":{"self":[{"href":"https:\/\/blogs.correiobraziliense.com.br\/capital-sa\/wp-json\/wp\/v2\/posts\/7669","targetHints":{"allow":["GET"]}}],"collection":[{"href":"https:\/\/blogs.correiobraziliense.com.br\/capital-sa\/wp-json\/wp\/v2\/posts"}],"about":[{"href":"https:\/\/blogs.correiobraziliense.com.br\/capital-sa\/wp-json\/wp\/v2\/types\/post"}],"author":[{"embeddable":true,"href":"https:\/\/blogs.correiobraziliense.com.br\/capital-sa\/wp-json\/wp\/v2\/users\/125"}],"replies":[{"embeddable":true,"href":"https:\/\/blogs.correiobraziliense.com.br\/capital-sa\/wp-json\/wp\/v2\/comments?post=7669"}],"version-history":[{"count":5,"href":"https:\/\/blogs.correiobraziliense.com.br\/capital-sa\/wp-json\/wp\/v2\/posts\/7669\/revisions"}],"predecessor-version":[{"id":7676,"href":"https:\/\/blogs.correiobraziliense.com.br\/capital-sa\/wp-json\/wp\/v2\/posts\/7669\/revisions\/7676"}],"wp:featuredmedia":[{"embeddable":true,"href":"https:\/\/blogs.correiobraziliense.com.br\/capital-sa\/wp-json\/wp\/v2\/media\/7672"}],"wp:attachment":[{"href":"https:\/\/blogs.correiobraziliense.com.br\/capital-sa\/wp-json\/wp\/v2\/media?parent=7669"}],"wp:term":[{"taxonomy":"category","embeddable":true,"href":"https:\/\/blogs.correiobraziliense.com.br\/capital-sa\/wp-json\/wp\/v2\/categories?post=7669"},{"taxonomy":"post_tag","embeddable":true,"href":"https:\/\/blogs.correiobraziliense.com.br\/capital-sa\/wp-json\/wp\/v2\/tags?post=7669"}],"curies":[{"name":"wp","href":"https:\/\/api.w.org\/{rel}","templated":true}]}}