{"id":7659,"date":"2022-04-14T11:06:42","date_gmt":"2022-04-14T14:06:42","guid":{"rendered":"https:\/\/blogs.correiobraziliense.com.br\/capital-sa\/?p=7659"},"modified":"2022-04-14T12:43:38","modified_gmt":"2022-04-14T15:43:38","slug":"distrito-federal-aprova-mais-recursos-do-fundo-do-centro-oeste","status":"publish","type":"post","link":"https:\/\/blogs.correiobraziliense.com.br\/capital-sa\/2022\/04\/14\/distrito-federal-aprova-mais-recursos-do-fundo-do-centro-oeste\/","title":{"rendered":"Distrito Federal aprova mais recursos do Fundo do Centro-Oeste"},"content":{"rendered":"<div class=\"gmail_quote\">\n<p>Por Samanta Sallum<\/p>\n<p><span style=\"font-size: large\">O Comit\u00ea de Financiamento \u00e0 Atividade Produtiva do Distrito Federal (Cofap\/DF) aprovou ontem cerca de R$ 435 milh\u00f5es em investimentos do FCO (Fundo Constitucional de Financiamento do Centro-Oeste) em 125 cartas consultas. A previs\u00e3o \u00e9\u00a0<\/span>gerar 1,6 mil empregos diretos e 3,9 mil indiretos.\u00a0A Secretaria de Desenvolvimento Econ\u00f4mico coordenou o tr\u00e2mite das propostas e vai acompanhar a execu\u00e7\u00e3o delas. O dinheiro, que vem do governo federal, ser\u00e1 liberado pelo BRB.<\/p>\n<\/div>\n<div class=\"gmail_quote\"><span style=\"font-size: large\">\u00a0<\/span><\/div>\n<div class=\"gmail_quote\"><span style=\"font-size: large\">Home Center\u00a0<\/span><\/div>\n<div class=\"gmail_quote\"><span style=\"font-size: large\">\u00a0<\/span><\/div>\n<div class=\"gmail_quote\"><span style=\"font-size: large\">Uma empresa de home center, com sede na Regi\u00e3o Nordeste e que est\u00e1 entre as 10 maiores do segmento no pa\u00eds, investir\u00e1 mais de R$ 200 milh\u00f5es na capital federal. S\u00f3 ela vai gerar 740 empregos diretos e 1,2 mil indiretos.\u00a0 Entre o total de aprovadas, 93 cartas consultas contemplam a RIDE com investimento de R$ 284 milh\u00f5es; e 32 foram direcionadas ao DF, que somam R$ 150 milh\u00f5es.<\/span><\/div>\n<div class=\"gmail_quote\"><span style=\"font-size: large\">\u00a0<\/span><\/div>\n<div class=\"gmail_quote\"><span style=\"font-size: large\">Polo log\u00edstico<\/span><\/div>\n<div class=\"gmail_quote\"><span style=\"font-size: large\">\u00a0<\/span><\/div>\n<div class=\"gmail_quote\"><span style=\"font-size: large\">&#8220;<\/span><span style=\"font-size: large\">O Distrito Federal tem todas as condi\u00e7\u00f5es de se tornar um polo do empreendedorismo, porque temos uma localiza\u00e7\u00e3o geogr\u00e1fica estrat\u00e9gica. Podemos escoar produtos para todo o pa\u00eds. Bras\u00edlia tem voca\u00e7\u00e3o para ser um centro log\u00edstico. Esses investimentos do FCO contribuem para isso&#8221;, disse \u00e0 coluna o secret\u00e1rio de Desenvolvimento Econ\u00f4mico\u00a0do DF, Jesu\u00edno Pereira.<\/span><\/div>\n","protected":false},"excerpt":{"rendered":"<p>Por Samanta Sallum O Comit\u00ea de Financiamento \u00e0 Atividade Produtiva do Distrito Federal (Cofap\/DF) aprovou ontem cerca de R$ 435 milh\u00f5es em investimentos do FCO (Fundo Constitucional de Financiamento do Centro-Oeste) em 125 cartas consultas. A previs\u00e3o \u00e9\u00a0gerar 1,6 mil empregos diretos e 3,9 mil indiretos.\u00a0A Secretaria de Desenvolvimento Econ\u00f4mico coordenou o tr\u00e2mite das propostas e vai acompanhar a execu\u00e7\u00e3o [&hellip;]<\/p>\n","protected":false},"author":125,"featured_media":7663,"comment_status":"open","ping_status":"open","sticky":false,"template":"","format":"standard","meta":{"footnotes":""},"categories":[6],"tags":[985,987,986,73],"class_list":["post-7659","post","type-post","status-publish","format-standard","has-post-thumbnail","hentry","category-coluna-capital-s-a","tag-cofap","tag-homecenter","tag-polologistico","tag-fco"],"_links":{"self":[{"href":"https:\/\/blogs.correiobraziliense.com.br\/capital-sa\/wp-json\/wp\/v2\/posts\/7659","targetHints":{"allow":["GET"]}}],"collection":[{"href":"https:\/\/blogs.correiobraziliense.com.br\/capital-sa\/wp-json\/wp\/v2\/posts"}],"about":[{"href":"https:\/\/blogs.correiobraziliense.com.br\/capital-sa\/wp-json\/wp\/v2\/types\/post"}],"author":[{"embeddable":true,"href":"https:\/\/blogs.correiobraziliense.com.br\/capital-sa\/wp-json\/wp\/v2\/users\/125"}],"replies":[{"embeddable":true,"href":"https:\/\/blogs.correiobraziliense.com.br\/capital-sa\/wp-json\/wp\/v2\/comments?post=7659"}],"version-history":[{"count":6,"href":"https:\/\/blogs.correiobraziliense.com.br\/capital-sa\/wp-json\/wp\/v2\/posts\/7659\/revisions"}],"predecessor-version":[{"id":7668,"href":"https:\/\/blogs.correiobraziliense.com.br\/capital-sa\/wp-json\/wp\/v2\/posts\/7659\/revisions\/7668"}],"wp:featuredmedia":[{"embeddable":true,"href":"https:\/\/blogs.correiobraziliense.com.br\/capital-sa\/wp-json\/wp\/v2\/media\/7663"}],"wp:attachment":[{"href":"https:\/\/blogs.correiobraziliense.com.br\/capital-sa\/wp-json\/wp\/v2\/media?parent=7659"}],"wp:term":[{"taxonomy":"category","embeddable":true,"href":"https:\/\/blogs.correiobraziliense.com.br\/capital-sa\/wp-json\/wp\/v2\/categories?post=7659"},{"taxonomy":"post_tag","embeddable":true,"href":"https:\/\/blogs.correiobraziliense.com.br\/capital-sa\/wp-json\/wp\/v2\/tags?post=7659"}],"curies":[{"name":"wp","href":"https:\/\/api.w.org\/{rel}","templated":true}]}}