{"id":7651,"date":"2022-04-13T10:35:41","date_gmt":"2022-04-13T13:35:41","guid":{"rendered":"https:\/\/blogs.correiobraziliense.com.br\/capital-sa\/?p=7651"},"modified":"2022-04-14T11:33:11","modified_gmt":"2022-04-14T14:33:11","slug":"com-taxa-reduzida-arrecadacao-de-itbi-aumentou-em-marco-no-df","status":"publish","type":"post","link":"https:\/\/blogs.correiobraziliense.com.br\/capital-sa\/2022\/04\/13\/com-taxa-reduzida-arrecadacao-de-itbi-aumentou-em-marco-no-df\/","title":{"rendered":"Com taxa reduzida, arrecada\u00e7\u00e3o de ITBI aumentou em mar\u00e7o no DF"},"content":{"rendered":"<div><\/div>\n<div><span style=\"font-size: large\">Por Samanta Sallum <\/span><\/div>\n<div><span style=\"font-size: large\">\u00a0<\/span><\/div>\n<div>\n<p><span style=\"font-size: large\">Somente no m\u00eas de mar\u00e7o, o GDF arrecadou\u00a0<\/span> R$ 88,5 milh\u00f5es\u00a0<span style=\"font-size: large\">com o Imposto de Transmiss\u00e3o de Bens Im\u00f3veis (ITBI). Valor superior ao do mesmo per\u00edodo em 2021, quando recolheu R$ 64,2 milh\u00f5es.<\/span><\/p>\n<p><span style=\"font-size: large\">A<\/span>\u00a0redu\u00e7\u00e3o tempor\u00e1ria da al\u00edquota de 3% para 1% aqueceu o mercado imobili\u00e1rio do Distrito Federal. A medida, que durou de <a href=\"\/\/0\">1\u00ba de janeiro<\/a> a 31 de mar\u00e7o, no total aumentou em 73,5% o n\u00famero de documentos relativos ao imposto emitidos pela Secretaria de Economia em compara\u00e7\u00e3o ao primeiro trimestre do ano passado.<\/p>\n<\/div>\n<div>\n<div><span style=\"font-size: large\">\u00a0<\/span><span style=\"font-size: large\">Pr\u00f3-Economia<\/span><\/div>\n<div><span style=\"font-size: large\">\u00a0<\/span><\/div>\n<div><span style=\"font-size: large\">O benef\u00edcio fez parte do pacote Pr\u00f3-Economia II, lan\u00e7ado no ano passado pelo GDF para auxiliar setores afetados pela pandemia e reaquecer o mercado da capital. Segundo o secret\u00e1rio de Economia, Itamar Feitosa, o resultado foi positivo.<br \/>\n<\/span><\/div>\n<div><\/div>\n<div><span style=\"font-size: large\"><br \/>\n&#8220;Conseguimos promover um aquecimento no setor imobili\u00e1rio, com um incentivo para que as pessoas pudessem decidir pela compra de seus im\u00f3veis. O objetivo aqui n\u00e3o era o aumento da arrecada\u00e7\u00e3o, mas, sim, o fomento \u00e0 economia, que gera empregos e distribui renda.&#8221;<\/span><\/div>\n<div><span style=\"font-size: large\">\u00a0<\/span><\/div>\n<div><span style=\"font-size: large\">Contratos de gaveta<\/span><\/div>\n<div><span style=\"font-size: large\">\u00a0<\/span><\/div>\n<div><span style=\"font-size: large\">Muitos contratos de gaveta foram regularizados com a medida. Quem comprou im\u00f3vel e n\u00e3o tinha ainda passado para seu nome aproveitou a chance com a taxa mais baixa.<br \/>\n<\/span><\/div>\n<div><\/div>\n<div><span style=\"font-size: large\">Mesmo <\/span><span style=\"font-size: large\">com a al\u00edquota\u00a0a 1%, \u00a0a arrecada\u00e7\u00e3o, entre janeiro e mar\u00e7o, foi quase a mesma que a do mesmo per\u00edodo no ano passado, quando estava em 3%. O\u00a0<\/span>GDF arrecadou <span style=\"font-size: large\">R$ 158,8<\/span> milh\u00f5es.\u00a0Em 2021, somou\u00a0<span style=\"font-size: large\">R$ 160,1 m<\/span>ilh\u00f5es.<\/div>\n<\/div>\n","protected":false},"excerpt":{"rendered":"<p>Por Samanta Sallum \u00a0 Somente no m\u00eas de mar\u00e7o, o GDF arrecadou\u00a0 R$ 88,5 milh\u00f5es\u00a0com o Imposto de Transmiss\u00e3o de Bens Im\u00f3veis (ITBI). Valor superior ao do mesmo per\u00edodo em 2021, quando recolheu R$ 64,2 milh\u00f5es. A\u00a0redu\u00e7\u00e3o tempor\u00e1ria da al\u00edquota de 3% para 1% aqueceu o mercado imobili\u00e1rio do Distrito Federal. A medida, que durou de 1\u00ba de janeiro a [&hellip;]<\/p>\n","protected":false},"author":125,"featured_media":7656,"comment_status":"open","ping_status":"open","sticky":false,"template":"","format":"standard","meta":{"footnotes":""},"categories":[6],"tags":[984,276,368,983,521,943],"class_list":["post-7651","post","type-post","status-publish","format-standard","has-post-thumbnail","hentry","category-coluna-capital-s-a","tag-arrecadacao-gdf","tag-economia","tag-imposto","tag-itbi","tag-pro-economia","tag-reducao"],"_links":{"self":[{"href":"https:\/\/blogs.correiobraziliense.com.br\/capital-sa\/wp-json\/wp\/v2\/posts\/7651","targetHints":{"allow":["GET"]}}],"collection":[{"href":"https:\/\/blogs.correiobraziliense.com.br\/capital-sa\/wp-json\/wp\/v2\/posts"}],"about":[{"href":"https:\/\/blogs.correiobraziliense.com.br\/capital-sa\/wp-json\/wp\/v2\/types\/post"}],"author":[{"embeddable":true,"href":"https:\/\/blogs.correiobraziliense.com.br\/capital-sa\/wp-json\/wp\/v2\/users\/125"}],"replies":[{"embeddable":true,"href":"https:\/\/blogs.correiobraziliense.com.br\/capital-sa\/wp-json\/wp\/v2\/comments?post=7651"}],"version-history":[{"count":8,"href":"https:\/\/blogs.correiobraziliense.com.br\/capital-sa\/wp-json\/wp\/v2\/posts\/7651\/revisions"}],"predecessor-version":[{"id":7666,"href":"https:\/\/blogs.correiobraziliense.com.br\/capital-sa\/wp-json\/wp\/v2\/posts\/7651\/revisions\/7666"}],"wp:featuredmedia":[{"embeddable":true,"href":"https:\/\/blogs.correiobraziliense.com.br\/capital-sa\/wp-json\/wp\/v2\/media\/7656"}],"wp:attachment":[{"href":"https:\/\/blogs.correiobraziliense.com.br\/capital-sa\/wp-json\/wp\/v2\/media?parent=7651"}],"wp:term":[{"taxonomy":"category","embeddable":true,"href":"https:\/\/blogs.correiobraziliense.com.br\/capital-sa\/wp-json\/wp\/v2\/categories?post=7651"},{"taxonomy":"post_tag","embeddable":true,"href":"https:\/\/blogs.correiobraziliense.com.br\/capital-sa\/wp-json\/wp\/v2\/tags?post=7651"}],"curies":[{"name":"wp","href":"https:\/\/api.w.org\/{rel}","templated":true}]}}