{"id":7611,"date":"2022-04-11T00:52:21","date_gmt":"2022-04-11T03:52:21","guid":{"rendered":"https:\/\/blogs.correiobraziliense.com.br\/capital-sa\/?p=7611"},"modified":"2022-04-12T12:17:57","modified_gmt":"2022-04-12T15:17:57","slug":"casacor-2022-sera-no-estadio-mane-garrincha","status":"publish","type":"post","link":"https:\/\/blogs.correiobraziliense.com.br\/capital-sa\/2022\/04\/11\/casacor-2022-sera-no-estadio-mane-garrincha\/","title":{"rendered":"Casacor 2022 ser\u00e1 no Est\u00e1dio Man\u00e9 Garrincha"},"content":{"rendered":"<p>Moema Le\u00e3o, uma das organizadoras da Casacor Bras\u00edlia, est\u00e1 empolgada com a nova parceria. Assina hoje o contrato com a Arena BRB Man\u00e9 Garrincha. Desde que o est\u00e1dio foi inaugurado, ela tinha vontade de realizar o evento no grandioso espa\u00e7o.<\/p>\n<p>&#8220;Estou muito animada. Vai ser uma edi\u00e7\u00e3o especial, num local que oferece v\u00e1rias possibilidades&#8221;, contou ao blog.<\/p>\n<p>A empres\u00e1ria Moema Le\u00e3o \u00e9 uma das franqueadas da mostra junto de Eliane Martins e Sheila Podest\u00e1. No ano passado, o evento foi na 904 Sul.<\/p>\n<p class=\"p1\"><span class=\"s1\">A mostra de decora\u00e7\u00e3o, arquitetura e paisagismo completa 30 anos em 2022.\u00a0<\/span><span class=\"s1\">A CasaCor Bras\u00edlia ser\u00e1 realizada entre setembro e outubro e o tema desta edi\u00e7\u00e3o ser\u00e1 o\u00a0<\/span><span class=\"s2\">Infinito Particular<\/span><span class=\"s1\">.<\/span><\/p>\n","protected":false},"excerpt":{"rendered":"<p>Moema Le\u00e3o, uma das organizadoras da Casacor Bras\u00edlia, est\u00e1 empolgada com a nova parceria. Assina hoje o contrato com a Arena BRB Man\u00e9 Garrincha. Desde que o est\u00e1dio foi inaugurado, ela tinha vontade de realizar o evento no grandioso espa\u00e7o. &#8220;Estou muito animada. Vai ser uma edi\u00e7\u00e3o especial, num local que oferece v\u00e1rias possibilidades&#8221;, contou ao blog. A empres\u00e1ria Moema [&hellip;]<\/p>\n","protected":false},"author":125,"featured_media":7618,"comment_status":"open","ping_status":"open","sticky":false,"template":"","format":"standard","meta":{"footnotes":""},"categories":[6],"tags":[644,978,979,980],"class_list":["post-7611","post","type-post","status-publish","format-standard","has-post-thumbnail","hentry","category-coluna-capital-s-a","tag-644","tag-casacor","tag-estadio","tag-manegarrincha"],"_links":{"self":[{"href":"https:\/\/blogs.correiobraziliense.com.br\/capital-sa\/wp-json\/wp\/v2\/posts\/7611","targetHints":{"allow":["GET"]}}],"collection":[{"href":"https:\/\/blogs.correiobraziliense.com.br\/capital-sa\/wp-json\/wp\/v2\/posts"}],"about":[{"href":"https:\/\/blogs.correiobraziliense.com.br\/capital-sa\/wp-json\/wp\/v2\/types\/post"}],"author":[{"embeddable":true,"href":"https:\/\/blogs.correiobraziliense.com.br\/capital-sa\/wp-json\/wp\/v2\/users\/125"}],"replies":[{"embeddable":true,"href":"https:\/\/blogs.correiobraziliense.com.br\/capital-sa\/wp-json\/wp\/v2\/comments?post=7611"}],"version-history":[{"count":9,"href":"https:\/\/blogs.correiobraziliense.com.br\/capital-sa\/wp-json\/wp\/v2\/posts\/7611\/revisions"}],"predecessor-version":[{"id":7647,"href":"https:\/\/blogs.correiobraziliense.com.br\/capital-sa\/wp-json\/wp\/v2\/posts\/7611\/revisions\/7647"}],"wp:featuredmedia":[{"embeddable":true,"href":"https:\/\/blogs.correiobraziliense.com.br\/capital-sa\/wp-json\/wp\/v2\/media\/7618"}],"wp:attachment":[{"href":"https:\/\/blogs.correiobraziliense.com.br\/capital-sa\/wp-json\/wp\/v2\/media?parent=7611"}],"wp:term":[{"taxonomy":"category","embeddable":true,"href":"https:\/\/blogs.correiobraziliense.com.br\/capital-sa\/wp-json\/wp\/v2\/categories?post=7611"},{"taxonomy":"post_tag","embeddable":true,"href":"https:\/\/blogs.correiobraziliense.com.br\/capital-sa\/wp-json\/wp\/v2\/tags?post=7611"}],"curies":[{"name":"wp","href":"https:\/\/api.w.org\/{rel}","templated":true}]}}