{"id":7603,"date":"2022-04-10T23:14:18","date_gmt":"2022-04-11T02:14:18","guid":{"rendered":"https:\/\/blogs.correiobraziliense.com.br\/capital-sa\/?p=7603"},"modified":"2022-04-12T12:26:39","modified_gmt":"2022-04-12T15:26:39","slug":"a-volta-dos-anos-80-em-festa-presencial","status":"publish","type":"post","link":"https:\/\/blogs.correiobraziliense.com.br\/capital-sa\/2022\/04\/10\/a-volta-dos-anos-80-em-festa-presencial\/","title":{"rendered":"A Volta aos Anos 80 em festa presencial"},"content":{"rendered":"<div dir=\"ltr\">\n<div>\n<p>O empres\u00e1rio de eventos Paulinho Madrugada anunciou, depois de 2 anos de pandemia, a festa A Volta aos Anos 80!. Ser\u00e1 em\u00a0<a href=\"\/\/3\">20 de abril<\/a>. &#8220;Marcamos o nosso retorno em um novo e incr\u00edvel local: o Porto Vittoria, no Setor de Clubes Sul&#8221;, contou.<\/p>\n<\/div>\n<div><\/div>\n<div><\/div>\n<div>As bandas se apresentar\u00e3o ao ar livre pr\u00f3ximo ao Lago. &#8220;E teremos uma pista de dan\u00e7a repleta de hits dan\u00e7antes dentro do sal\u00e3o principal.&#8221; Os ingressos s\u00e3o bem limitados. Est\u00e3o dispon\u00edveis pela Bilheteria Digital.<\/div>\n<\/div>\n<p>&nbsp;<\/p>\n","protected":false},"excerpt":{"rendered":"<p>O empres\u00e1rio de eventos Paulinho Madrugada anunciou, depois de 2 anos de pandemia, a festa A Volta aos Anos 80!. Ser\u00e1 em\u00a020 de abril. &#8220;Marcamos o nosso retorno em um novo e incr\u00edvel local: o Porto Vittoria, no Setor de Clubes Sul&#8221;, contou. As bandas se apresentar\u00e3o ao ar livre pr\u00f3ximo ao Lago. &#8220;E teremos uma pista de dan\u00e7a repleta [&hellip;]<\/p>\n","protected":false},"author":125,"featured_media":7606,"comment_status":"open","ping_status":"open","sticky":false,"template":"","format":"standard","meta":{"footnotes":""},"categories":[6],"tags":[169,981,982,929],"class_list":["post-7603","post","type-post","status-publish","format-standard","has-post-thumbnail","hentry","category-coluna-capital-s-a","tag-festa","tag-festaavoltaaosanos80","tag-porto-vittoria","tag-retorno"],"_links":{"self":[{"href":"https:\/\/blogs.correiobraziliense.com.br\/capital-sa\/wp-json\/wp\/v2\/posts\/7603","targetHints":{"allow":["GET"]}}],"collection":[{"href":"https:\/\/blogs.correiobraziliense.com.br\/capital-sa\/wp-json\/wp\/v2\/posts"}],"about":[{"href":"https:\/\/blogs.correiobraziliense.com.br\/capital-sa\/wp-json\/wp\/v2\/types\/post"}],"author":[{"embeddable":true,"href":"https:\/\/blogs.correiobraziliense.com.br\/capital-sa\/wp-json\/wp\/v2\/users\/125"}],"replies":[{"embeddable":true,"href":"https:\/\/blogs.correiobraziliense.com.br\/capital-sa\/wp-json\/wp\/v2\/comments?post=7603"}],"version-history":[{"count":9,"href":"https:\/\/blogs.correiobraziliense.com.br\/capital-sa\/wp-json\/wp\/v2\/posts\/7603\/revisions"}],"predecessor-version":[{"id":7650,"href":"https:\/\/blogs.correiobraziliense.com.br\/capital-sa\/wp-json\/wp\/v2\/posts\/7603\/revisions\/7650"}],"wp:featuredmedia":[{"embeddable":true,"href":"https:\/\/blogs.correiobraziliense.com.br\/capital-sa\/wp-json\/wp\/v2\/media\/7606"}],"wp:attachment":[{"href":"https:\/\/blogs.correiobraziliense.com.br\/capital-sa\/wp-json\/wp\/v2\/media?parent=7603"}],"wp:term":[{"taxonomy":"category","embeddable":true,"href":"https:\/\/blogs.correiobraziliense.com.br\/capital-sa\/wp-json\/wp\/v2\/categories?post=7603"},{"taxonomy":"post_tag","embeddable":true,"href":"https:\/\/blogs.correiobraziliense.com.br\/capital-sa\/wp-json\/wp\/v2\/tags?post=7603"}],"curies":[{"name":"wp","href":"https:\/\/api.w.org\/{rel}","templated":true}]}}