{"id":7599,"date":"2022-04-11T08:54:05","date_gmt":"2022-04-11T11:54:05","guid":{"rendered":"https:\/\/blogs.correiobraziliense.com.br\/capital-sa\/?p=7599"},"modified":"2022-04-12T12:15:57","modified_gmt":"2022-04-12T15:15:57","slug":"confira-como-vai-funcionar-o-comercio-nos-feriados-de-abril","status":"publish","type":"post","link":"https:\/\/blogs.correiobraziliense.com.br\/capital-sa\/2022\/04\/11\/confira-como-vai-funcionar-o-comercio-nos-feriados-de-abril\/","title":{"rendered":"Confira como vai funcionar o com\u00e9rcio nos feriados de abril"},"content":{"rendered":"<p class=\"p1\">Na Semana Santa, o com\u00e9rcio do Distrito Federal s\u00f3 estar\u00e1 fechado na sexta-feira, dia 15. Abrir\u00e1 normalmente no s\u00e1bado (16) e no domingo de P\u00e1scoa (17). A informa\u00e7\u00e3o \u00e9 do presidente do Sindicato do Com\u00e9rcio Varejista, Sebasti\u00e3o Abritta. &#8220;As lojas precisam vender mais, impulsionando a economia e gerando empregos e renda&#8221;, explica.<\/p>\n<p class=\"p1\"><span class=\"s1\"><b>Anivers\u00e1rio de Bras\u00edlia\u00a0<\/b><\/span><\/p>\n<p class=\"p1\"><span class=\"s1\">No feriado de 21 de abril (anivers\u00e1rio de Bras\u00edlia), uma quinta-feira, o com\u00e9rcio de rua e de shopping tamb\u00e9m funcionar\u00e1 normalmente. &#8220;Precisamos recuperar as perdas impostas pela pandemia&#8221;, refor\u00e7ou Abritta.<\/span><\/p>\n<p class=\"p1\"><span class=\"s1\"><b>Aumento nas vendas <\/b><\/span><\/p>\n<p class=\"p1\"><span class=\"s1\">O Sindivarejista estima que pelo menos 350 mil pessoas devam ir \u00e0s compras em busca de ovos de P\u00e1scoa entre os dias 12 e 16. E prev\u00ea<span class=\"Apple-converted-space\">\u00a0<\/span>alta de at\u00e9 12% nas vendas contra 2% da P\u00e1scoa de 2021. Os altos \u00edndices de vacina\u00e7\u00e3o contra a covid-19 injetam otimismo no com\u00e9rcio.<\/span><\/p>\n","protected":false},"excerpt":{"rendered":"<p>Na Semana Santa, o com\u00e9rcio do Distrito Federal s\u00f3 estar\u00e1 fechado na sexta-feira, dia 15. Abrir\u00e1 normalmente no s\u00e1bado (16) e no domingo de P\u00e1scoa (17). A informa\u00e7\u00e3o \u00e9 do presidente do Sindicato do Com\u00e9rcio Varejista, Sebasti\u00e3o Abritta. &#8220;As lojas precisam vender mais, impulsionando a economia e gerando empregos e renda&#8221;, explica. Anivers\u00e1rio de Bras\u00edlia\u00a0 No feriado de 21 de [&hellip;]<\/p>\n","protected":false},"author":125,"featured_media":7619,"comment_status":"open","ping_status":"open","sticky":false,"template":"","format":"standard","meta":{"footnotes":""},"categories":[6],"tags":[977,907,171,10],"class_list":["post-7599","post","type-post","status-publish","format-standard","has-post-thumbnail","hentry","category-coluna-capital-s-a","tag-feriado","tag-pascoa","tag-vendas","tag-comercio"],"_links":{"self":[{"href":"https:\/\/blogs.correiobraziliense.com.br\/capital-sa\/wp-json\/wp\/v2\/posts\/7599","targetHints":{"allow":["GET"]}}],"collection":[{"href":"https:\/\/blogs.correiobraziliense.com.br\/capital-sa\/wp-json\/wp\/v2\/posts"}],"about":[{"href":"https:\/\/blogs.correiobraziliense.com.br\/capital-sa\/wp-json\/wp\/v2\/types\/post"}],"author":[{"embeddable":true,"href":"https:\/\/blogs.correiobraziliense.com.br\/capital-sa\/wp-json\/wp\/v2\/users\/125"}],"replies":[{"embeddable":true,"href":"https:\/\/blogs.correiobraziliense.com.br\/capital-sa\/wp-json\/wp\/v2\/comments?post=7599"}],"version-history":[{"count":5,"href":"https:\/\/blogs.correiobraziliense.com.br\/capital-sa\/wp-json\/wp\/v2\/posts\/7599\/revisions"}],"predecessor-version":[{"id":7645,"href":"https:\/\/blogs.correiobraziliense.com.br\/capital-sa\/wp-json\/wp\/v2\/posts\/7599\/revisions\/7645"}],"wp:featuredmedia":[{"embeddable":true,"href":"https:\/\/blogs.correiobraziliense.com.br\/capital-sa\/wp-json\/wp\/v2\/media\/7619"}],"wp:attachment":[{"href":"https:\/\/blogs.correiobraziliense.com.br\/capital-sa\/wp-json\/wp\/v2\/media?parent=7599"}],"wp:term":[{"taxonomy":"category","embeddable":true,"href":"https:\/\/blogs.correiobraziliense.com.br\/capital-sa\/wp-json\/wp\/v2\/categories?post=7599"},{"taxonomy":"post_tag","embeddable":true,"href":"https:\/\/blogs.correiobraziliense.com.br\/capital-sa\/wp-json\/wp\/v2\/tags?post=7599"}],"curies":[{"name":"wp","href":"https:\/\/api.w.org\/{rel}","templated":true}]}}