{"id":7526,"date":"2022-04-04T14:59:22","date_gmt":"2022-04-04T17:59:22","guid":{"rendered":"https:\/\/blogs.correiobraziliense.com.br\/capital-sa\/?p=7526"},"modified":"2022-04-04T15:06:43","modified_gmt":"2022-04-04T18:06:43","slug":"itbi-reduzido-impulsiona-recorde-na-venda-de-imoveis","status":"publish","type":"post","link":"https:\/\/blogs.correiobraziliense.com.br\/capital-sa\/2022\/04\/04\/itbi-reduzido-impulsiona-recorde-na-venda-de-imoveis\/","title":{"rendered":"ITBI reduzido impulsiona recorde na venda de im\u00f3veis"},"content":{"rendered":"<p>Por Samanta Sallum<\/p>\n<p>Em 2022, o Volume Geral de Vendas (VGV) de im\u00f3veis acumulado at\u00e9 o<br \/>\nm\u00eas de fevereiro, no Distrito Federal, atingiu o valor de R$ 7,03 bilh\u00f5es. Superou o do mesmo per\u00edodo de 2021 em R$ 3,8 bilh\u00f5es, apresentando aumento de 119,93% no valor das vendas. Segundo o Sindicato da Habita\u00e7\u00e3o do DF, Secovi, essa varia\u00e7\u00e3o se\u00a0deve, principalmente, \u00e0 redu\u00e7\u00e3o da al\u00edquota do ITBI de 3% para 1% entre<br \/>\njaneiro e mar\u00e7o deste ano.<\/p>\n<blockquote><p>\u201cCompradores que<br \/>\nestavam pesquisando decidiram fechar logo neg\u00f3cio para se beneficiar da redu\u00e7\u00e3o<br \/>\nna al\u00edquota, que se encerrou em mar\u00e7o\u201d, disse o presidente do Sindicato, Ov\u00eddio<br \/>\nMaia.<\/p><\/blockquote>\n<p><b>Prazo para escritura<\/b><\/p>\n<p>Com o grande volume de transa\u00e7\u00f5es imobili\u00e1rias, os cart\u00f3rios ficaram sobrecarregados e muitos propriet\u00e1rios n\u00e3o conseguiram dentro do prazo, ou seja, at\u00e9 31 de mar\u00e7o, conclu\u00edrem a escritura. De acordo com a lei, quem n\u00e3o obteve o registro at\u00e9 a data perde o beneficio.<\/p>\n<p><b>Lan\u00e7amentos<\/b><\/p>\n<p>No final de fevereiro, o n\u00famero de im\u00f3veis novos ou em constru\u00e7\u00e3o somou\u00a06.830 unidades, destaque para o Setor Noroeste com a maior quantidade em oferta (1.538).<\/p>\n<p>Em rela\u00e7\u00e3o aos pre\u00e7os do<br \/>\nsegmento de lan\u00e7amentos, os maiores valores s\u00e3o encontrados na Asa Norte com R$ 17.633\/m\u00b2, seguida pelo Setor Sudoeste com R$ 16.638\/m\u00b2, e pelo Setor<br \/>\nNoroeste com R$ 15.477\/m\u00b2.<\/p>\n","protected":false},"excerpt":{"rendered":"<p>Por Samanta Sallum Em 2022, o Volume Geral de Vendas (VGV) de im\u00f3veis acumulado at\u00e9 o m\u00eas de fevereiro, no Distrito Federal, atingiu o valor de R$ 7,03 bilh\u00f5es. Superou o do mesmo per\u00edodo de 2021 em R$ 3,8 bilh\u00f5es, apresentando aumento de 119,93% no valor das vendas. Segundo o Sindicato da Habita\u00e7\u00e3o do DF, Secovi, essa varia\u00e7\u00e3o se\u00a0deve, principalmente, [&hellip;]<\/p>\n","protected":false},"author":125,"featured_media":7533,"comment_status":"open","ping_status":"open","sticky":false,"template":"","format":"standard","meta":{"footnotes":""},"categories":[6],"tags":[],"class_list":["post-7526","post","type-post","status-publish","format-standard","has-post-thumbnail","hentry","category-coluna-capital-s-a"],"_links":{"self":[{"href":"https:\/\/blogs.correiobraziliense.com.br\/capital-sa\/wp-json\/wp\/v2\/posts\/7526","targetHints":{"allow":["GET"]}}],"collection":[{"href":"https:\/\/blogs.correiobraziliense.com.br\/capital-sa\/wp-json\/wp\/v2\/posts"}],"about":[{"href":"https:\/\/blogs.correiobraziliense.com.br\/capital-sa\/wp-json\/wp\/v2\/types\/post"}],"author":[{"embeddable":true,"href":"https:\/\/blogs.correiobraziliense.com.br\/capital-sa\/wp-json\/wp\/v2\/users\/125"}],"replies":[{"embeddable":true,"href":"https:\/\/blogs.correiobraziliense.com.br\/capital-sa\/wp-json\/wp\/v2\/comments?post=7526"}],"version-history":[{"count":11,"href":"https:\/\/blogs.correiobraziliense.com.br\/capital-sa\/wp-json\/wp\/v2\/posts\/7526\/revisions"}],"predecessor-version":[{"id":7538,"href":"https:\/\/blogs.correiobraziliense.com.br\/capital-sa\/wp-json\/wp\/v2\/posts\/7526\/revisions\/7538"}],"wp:featuredmedia":[{"embeddable":true,"href":"https:\/\/blogs.correiobraziliense.com.br\/capital-sa\/wp-json\/wp\/v2\/media\/7533"}],"wp:attachment":[{"href":"https:\/\/blogs.correiobraziliense.com.br\/capital-sa\/wp-json\/wp\/v2\/media?parent=7526"}],"wp:term":[{"taxonomy":"category","embeddable":true,"href":"https:\/\/blogs.correiobraziliense.com.br\/capital-sa\/wp-json\/wp\/v2\/categories?post=7526"},{"taxonomy":"post_tag","embeddable":true,"href":"https:\/\/blogs.correiobraziliense.com.br\/capital-sa\/wp-json\/wp\/v2\/tags?post=7526"}],"curies":[{"name":"wp","href":"https:\/\/api.w.org\/{rel}","templated":true}]}}