{"id":748,"date":"2020-11-23T09:47:10","date_gmt":"2020-11-23T12:47:10","guid":{"rendered":"https:\/\/blogs.correiobraziliense.com.br\/capital-sa\/?p=748"},"modified":"2020-11-23T09:51:52","modified_gmt":"2020-11-23T12:51:52","slug":"aprendizado-sobre-gestao","status":"publish","type":"post","link":"https:\/\/blogs.correiobraziliense.com.br\/capital-sa\/2020\/11\/23\/aprendizado-sobre-gestao\/","title":{"rendered":"Aprendizado sobre gest\u00e3o"},"content":{"rendered":"<p>O vice-presidente Institucional da Multiplan, Vander Giordano, ser\u00e1 o palestrante hoje da s\u00e9rie \u201cTempo de Refletir\u201c. O projeto \u00e9 da Secretaria de Economia do DF, voltado especialmente aos servidores p\u00fablicos do governo local. O evento ser\u00e1 \u00e0s 18h, pelas redes sociais da secretaria. A Multiplan \u00e9 uma das principais empresas de shoppings do Brasil. O tema ser\u00e1 &#8220;Aprendizado em Gest\u00e3o&#8221;.<\/p>\n","protected":false},"excerpt":{"rendered":"<p>O vice-presidente Institucional da Multiplan, Vander Giordano, ser\u00e1 o palestrante hoje da s\u00e9rie \u201cTempo de Refletir\u201c. O projeto \u00e9 da Secretaria de Economia do DF, voltado especialmente aos servidores p\u00fablicos do governo local. O evento ser\u00e1 \u00e0s 18h, pelas redes sociais da secretaria. A Multiplan \u00e9 uma das principais empresas de shoppings do Brasil. O tema ser\u00e1 &#8220;Aprendizado em Gest\u00e3o&#8221;.<\/p>\n","protected":false},"author":125,"featured_media":750,"comment_status":"open","ping_status":"open","sticky":false,"template":"","format":"standard","meta":{"footnotes":""},"categories":[6],"tags":[133,134],"class_list":["post-748","post","type-post","status-publish","format-standard","has-post-thumbnail","hentry","category-coluna-capital-s-a","tag-multiplan","tag-secretariadeeconomiadodf"],"_links":{"self":[{"href":"https:\/\/blogs.correiobraziliense.com.br\/capital-sa\/wp-json\/wp\/v2\/posts\/748","targetHints":{"allow":["GET"]}}],"collection":[{"href":"https:\/\/blogs.correiobraziliense.com.br\/capital-sa\/wp-json\/wp\/v2\/posts"}],"about":[{"href":"https:\/\/blogs.correiobraziliense.com.br\/capital-sa\/wp-json\/wp\/v2\/types\/post"}],"author":[{"embeddable":true,"href":"https:\/\/blogs.correiobraziliense.com.br\/capital-sa\/wp-json\/wp\/v2\/users\/125"}],"replies":[{"embeddable":true,"href":"https:\/\/blogs.correiobraziliense.com.br\/capital-sa\/wp-json\/wp\/v2\/comments?post=748"}],"version-history":[{"count":2,"href":"https:\/\/blogs.correiobraziliense.com.br\/capital-sa\/wp-json\/wp\/v2\/posts\/748\/revisions"}],"predecessor-version":[{"id":751,"href":"https:\/\/blogs.correiobraziliense.com.br\/capital-sa\/wp-json\/wp\/v2\/posts\/748\/revisions\/751"}],"wp:featuredmedia":[{"embeddable":true,"href":"https:\/\/blogs.correiobraziliense.com.br\/capital-sa\/wp-json\/wp\/v2\/media\/750"}],"wp:attachment":[{"href":"https:\/\/blogs.correiobraziliense.com.br\/capital-sa\/wp-json\/wp\/v2\/media?parent=748"}],"wp:term":[{"taxonomy":"category","embeddable":true,"href":"https:\/\/blogs.correiobraziliense.com.br\/capital-sa\/wp-json\/wp\/v2\/categories?post=748"},{"taxonomy":"post_tag","embeddable":true,"href":"https:\/\/blogs.correiobraziliense.com.br\/capital-sa\/wp-json\/wp\/v2\/tags?post=748"}],"curies":[{"name":"wp","href":"https:\/\/api.w.org\/{rel}","templated":true}]}}