{"id":7452,"date":"2022-03-24T17:13:33","date_gmt":"2022-03-24T20:13:33","guid":{"rendered":"https:\/\/blogs.correiobraziliense.com.br\/capital-sa\/?p=7452"},"modified":"2022-03-24T17:13:33","modified_gmt":"2022-03-24T20:13:33","slug":"debate-publico-sobre-o-futuro-da-capital-federal","status":"publish","type":"post","link":"https:\/\/blogs.correiobraziliense.com.br\/capital-sa\/2022\/03\/24\/debate-publico-sobre-o-futuro-da-capital-federal\/","title":{"rendered":"Debate p\u00fablico sobre o futuro da capital federal"},"content":{"rendered":"<p class=\"p1\">Por Samanta Sallum<\/p>\n<p class=\"p1\"><span class=\"s2\">O Conselho de Desenvolvimento Econ\u00f4mico, Sustent\u00e1vel e Estrat\u00e9gico do Distrito Federal \u2013 CODESE\/DF foi criado em 2017 por iniciativa da sociedade civil organizada, formada por empres\u00e1rios, acad\u00eamicos, t\u00e9cnicos, al\u00e9m de membros volunt\u00e1rios da comunidade. A entidade vai realizar <\/span><span class=\"s3\">no pr\u00f3ximo s\u00e1bado<\/span><span class=\"s2\">, dia <\/span><span class=\"s3\">26 de mar\u00e7o<\/span><span class=\"s2\">, no audit\u00f3rio do Museu Nacional, o evento \u201cO DF que a gente quer\u201d.<br \/>\n<\/span><\/p>\n<p class=\"p1\"><span class=\"s2\">Ser\u00e1 um debate p\u00fablico, com a participa\u00e7\u00e3o da popula\u00e7\u00e3o, para discutir os principais temas relacionados ao desenvolvimento socioecon\u00f4mico da capital federal.<\/span><\/p>\n<p class=\"p1\"><span class=\"s2\"><b>Candidatos ao Buriti<\/b><\/span><\/p>\n<p class=\"p1\"><span class=\"s2\">As resolu\u00e7\u00f5es do evento servir\u00e3o como base para o documento \u201cO DF que gente quer: proje\u00e7\u00e3o 2022-2040\u201d. Ele ser\u00e1 apresentado, em agosto de 2022, a todos os candidatos ao Pal\u00e1cio do Buriti, com o objetivo de que firmem compromisso de executar o Plano de Estado proposto pela sociedade civil organizada.<\/span><\/p>\n<p class=\"p1\"><span class=\"s2\">\u00a0<\/span><b>Programa\u00e7\u00e3o<\/b><\/p>\n<p class=\"p1\"><span class=\"s2\">\u00a0<\/span><span class=\"s2\">O evento ser\u00e1 composto por 8 pain\u00e9is de debates, compostos por especialistas que discutir\u00e3o a\u00e7\u00f5es estrat\u00e9gicas relacionadas ao desenvolvimento econ\u00f4mico e humano. Ser\u00e1 aberto ao p\u00fablico das 9h <\/span><span class=\"s3\">as 17h<\/span><span class=\"s2\">.<\/span><\/p>\n<p class=\"p1\"><span class=\"s1\"><b>Premia\u00e7\u00e3o<\/b><\/span><\/p>\n<p class=\"p1\"><span class=\"s2\">Os 12 melhores projetos selecionados, na rodada de Hackathons, com as 33 regi\u00f5es administrativas, ser\u00e3o apresentados e premiados durante o evento.<\/span><\/p>\n","protected":false},"excerpt":{"rendered":"<p>Por Samanta Sallum O Conselho de Desenvolvimento Econ\u00f4mico, Sustent\u00e1vel e Estrat\u00e9gico do Distrito Federal \u2013 CODESE\/DF foi criado em 2017 por iniciativa da sociedade civil organizada, formada por empres\u00e1rios, acad\u00eamicos, t\u00e9cnicos, al\u00e9m de membros volunt\u00e1rios da comunidade. A entidade vai realizar no pr\u00f3ximo s\u00e1bado, dia 26 de mar\u00e7o, no audit\u00f3rio do Museu Nacional, o evento \u201cO DF que a gente [&hellip;]<\/p>\n","protected":false},"author":125,"featured_media":7456,"comment_status":"open","ping_status":"open","sticky":false,"template":"","format":"standard","meta":{"footnotes":""},"categories":[6],"tags":[],"class_list":["post-7452","post","type-post","status-publish","format-standard","has-post-thumbnail","hentry","category-coluna-capital-s-a"],"_links":{"self":[{"href":"https:\/\/blogs.correiobraziliense.com.br\/capital-sa\/wp-json\/wp\/v2\/posts\/7452","targetHints":{"allow":["GET"]}}],"collection":[{"href":"https:\/\/blogs.correiobraziliense.com.br\/capital-sa\/wp-json\/wp\/v2\/posts"}],"about":[{"href":"https:\/\/blogs.correiobraziliense.com.br\/capital-sa\/wp-json\/wp\/v2\/types\/post"}],"author":[{"embeddable":true,"href":"https:\/\/blogs.correiobraziliense.com.br\/capital-sa\/wp-json\/wp\/v2\/users\/125"}],"replies":[{"embeddable":true,"href":"https:\/\/blogs.correiobraziliense.com.br\/capital-sa\/wp-json\/wp\/v2\/comments?post=7452"}],"version-history":[{"count":3,"href":"https:\/\/blogs.correiobraziliense.com.br\/capital-sa\/wp-json\/wp\/v2\/posts\/7452\/revisions"}],"predecessor-version":[{"id":7455,"href":"https:\/\/blogs.correiobraziliense.com.br\/capital-sa\/wp-json\/wp\/v2\/posts\/7452\/revisions\/7455"}],"wp:featuredmedia":[{"embeddable":true,"href":"https:\/\/blogs.correiobraziliense.com.br\/capital-sa\/wp-json\/wp\/v2\/media\/7456"}],"wp:attachment":[{"href":"https:\/\/blogs.correiobraziliense.com.br\/capital-sa\/wp-json\/wp\/v2\/media?parent=7452"}],"wp:term":[{"taxonomy":"category","embeddable":true,"href":"https:\/\/blogs.correiobraziliense.com.br\/capital-sa\/wp-json\/wp\/v2\/categories?post=7452"},{"taxonomy":"post_tag","embeddable":true,"href":"https:\/\/blogs.correiobraziliense.com.br\/capital-sa\/wp-json\/wp\/v2\/tags?post=7452"}],"curies":[{"name":"wp","href":"https:\/\/api.w.org\/{rel}","templated":true}]}}