{"id":7435,"date":"2022-03-23T18:09:34","date_gmt":"2022-03-23T21:09:34","guid":{"rendered":"https:\/\/blogs.correiobraziliense.com.br\/capital-sa\/?p=7435"},"modified":"2022-03-23T18:09:14","modified_gmt":"2022-03-23T21:09:14","slug":"jose-aparecido-encabeca-chapa-unica-a-fecomercio-df-veja-a-composicao","status":"publish","type":"post","link":"https:\/\/blogs.correiobraziliense.com.br\/capital-sa\/2022\/03\/23\/jose-aparecido-encabeca-chapa-unica-a-fecomercio-df-veja-a-composicao\/","title":{"rendered":"Jos\u00e9 Aparecido encabe\u00e7a chapa \u00fanica \u00e0 Fecom\u00e9rcio-DF. Veja a composi\u00e7\u00e3o."},"content":{"rendered":"<p class=\"p1\">Por Samanta Sallum<\/p>\n<p class=\"p1\"><span class=\"s1\">O atual presidente da Fecom\u00e9rcio DF, Jos\u00e9 Aparecido Freire, deve permanecer mais 4 anos \u00e0 frente da entidade. Registrou hoje, com outros empres\u00e1rios, a candidatura. Sebasti\u00e3o Abritta do Sindivarejista est\u00e1 na chapa como primeiro vice-presidente. Alvaro Silveira Jr do SindiAtacadista comp\u00f5e como segundo vice-presidente e Ovidio Maia, do Sindicato da Habita\u00e7\u00e3o, como terceiro vice-presidente.<\/span><\/p>\n<p class=\"p1\"><span class=\"s1\">Aparecido assumiu o cargo h\u00e1 1 ano para um mandato tamp\u00e3o. A vaga foi aberta em decorr\u00eancia do falecimento do ent\u00e3o presidente Francisco Maia. Por isso, a recondu\u00e7\u00e3o ao cargo n\u00e3o ser\u00e1 considerada uma reelei\u00e7\u00e3o. Ele representa o Sindicato das Empresas de Material para Escrit\u00f3rio, de Papelaria e Livrarias.<\/span><\/p>\n<p>O prazo para a inscri\u00e7\u00e3o de chapas se encerrou \u00e0s 17h. A elei\u00e7\u00e3o est\u00e1 marcada para o dia 3 de maio.<\/p>\n<p>A chapa re\u00fane a apoio de 22 sindicatos empresariais do setor do com\u00e9rcio. J\u00e1 tem maioria garantida para se eleger.<\/p>\n<p>&nbsp;<\/p>\n<p>&nbsp;<\/p>\n","protected":false},"excerpt":{"rendered":"<p>Por Samanta Sallum O atual presidente da Fecom\u00e9rcio DF, Jos\u00e9 Aparecido Freire, deve permanecer mais 4 anos \u00e0 frente da entidade. Registrou hoje, com outros empres\u00e1rios, a candidatura. Sebasti\u00e3o Abritta do Sindivarejista est\u00e1 na chapa como primeiro vice-presidente. Alvaro Silveira Jr do SindiAtacadista comp\u00f5e como segundo vice-presidente e Ovidio Maia, do Sindicato da Habita\u00e7\u00e3o, como terceiro vice-presidente. Aparecido assumiu o [&hellip;]<\/p>\n","protected":false},"author":125,"featured_media":7440,"comment_status":"open","ping_status":"open","sticky":false,"template":"","format":"standard","meta":{"footnotes":""},"categories":[6],"tags":[],"class_list":["post-7435","post","type-post","status-publish","format-standard","has-post-thumbnail","hentry","category-coluna-capital-s-a"],"_links":{"self":[{"href":"https:\/\/blogs.correiobraziliense.com.br\/capital-sa\/wp-json\/wp\/v2\/posts\/7435","targetHints":{"allow":["GET"]}}],"collection":[{"href":"https:\/\/blogs.correiobraziliense.com.br\/capital-sa\/wp-json\/wp\/v2\/posts"}],"about":[{"href":"https:\/\/blogs.correiobraziliense.com.br\/capital-sa\/wp-json\/wp\/v2\/types\/post"}],"author":[{"embeddable":true,"href":"https:\/\/blogs.correiobraziliense.com.br\/capital-sa\/wp-json\/wp\/v2\/users\/125"}],"replies":[{"embeddable":true,"href":"https:\/\/blogs.correiobraziliense.com.br\/capital-sa\/wp-json\/wp\/v2\/comments?post=7435"}],"version-history":[{"count":4,"href":"https:\/\/blogs.correiobraziliense.com.br\/capital-sa\/wp-json\/wp\/v2\/posts\/7435\/revisions"}],"predecessor-version":[{"id":7439,"href":"https:\/\/blogs.correiobraziliense.com.br\/capital-sa\/wp-json\/wp\/v2\/posts\/7435\/revisions\/7439"}],"wp:featuredmedia":[{"embeddable":true,"href":"https:\/\/blogs.correiobraziliense.com.br\/capital-sa\/wp-json\/wp\/v2\/media\/7440"}],"wp:attachment":[{"href":"https:\/\/blogs.correiobraziliense.com.br\/capital-sa\/wp-json\/wp\/v2\/media?parent=7435"}],"wp:term":[{"taxonomy":"category","embeddable":true,"href":"https:\/\/blogs.correiobraziliense.com.br\/capital-sa\/wp-json\/wp\/v2\/categories?post=7435"},{"taxonomy":"post_tag","embeddable":true,"href":"https:\/\/blogs.correiobraziliense.com.br\/capital-sa\/wp-json\/wp\/v2\/tags?post=7435"}],"curies":[{"name":"wp","href":"https:\/\/api.w.org\/{rel}","templated":true}]}}