{"id":7340,"date":"2022-03-16T15:53:34","date_gmt":"2022-03-16T18:53:34","guid":{"rendered":"https:\/\/blogs.correiobraziliense.com.br\/capital-sa\/?p=7340"},"modified":"2022-03-17T14:42:16","modified_gmt":"2022-03-17T17:42:16","slug":"reajuste-de-medicamento-s-esta-previsto-como-o-da-maior-decada","status":"publish","type":"post","link":"https:\/\/blogs.correiobraziliense.com.br\/capital-sa\/2022\/03\/16\/reajuste-de-medicamento-s-esta-previsto-como-o-da-maior-decada\/","title":{"rendered":"Reajuste de medicamentos deve ser o maior da d\u00e9cada"},"content":{"rendered":"<p>Por Samanta Sallum<\/p>\n<p class=\"p1\">Seguindo a alta acumulada da infla\u00e7\u00e3o no \u00faltimo ano, o segmento pode sofrer reajuste numa m\u00e9dia de at\u00e9 12%. O an\u00fancio vai ocorrer no final\u00a0 de mar\u00e7o. E os novos pre\u00e7os dos rem\u00e9dios passar\u00e3o a valer a partir de 1 de abril. Essa defini\u00e7\u00e3o \u00e9 de responsabilidade da C\u00e2mara de Regula\u00e7\u00e3o de Mercado de Medicamentos (CMED), \u00f3rg\u00e3o interministerial que tem participa\u00e7\u00e3o da Anvisa. Se confirmado, ser\u00e1 o maior reajuste da d\u00e9cada no pa\u00eds.<\/p>\n<p class=\"p1\"><span class=\"s1\"><b>Aumentos diferenciados <\/b><\/span><\/p>\n<p class=\"p1\"><span class=\"s1\">Cerca de 10 mil medicamentos est\u00e3o na lista oficial. E a atualiza\u00e7\u00e3o dos valores \u00e9 feita anualmente. No ano passado, ficou,\u00a0<\/span><span class=\"s1\">em m\u00e9dia, de 9%. Mas o aumento n\u00e3o \u00e9 linear. Ele poder\u00e1 variar de um item para o outro. Os de baixa concorr\u00eancia tendem a ter menor reajuste, pois a CMED atua para coibir abuso de pre\u00e7o. E os de alta concorr\u00eancia, como os gen\u00e9ricos, podem sofrer maior altera\u00e7\u00e3o, por terem mais liberdade de regula\u00e7\u00e3o no mercado. Ent\u00e3o, de maneira geral, a varia\u00e7\u00e3o poder\u00e1 ser de 2% a 20%.<\/span><\/p>\n","protected":false},"excerpt":{"rendered":"<p>Por Samanta Sallum Seguindo a alta acumulada da infla\u00e7\u00e3o no \u00faltimo ano, o segmento pode sofrer reajuste numa m\u00e9dia de at\u00e9 12%. O an\u00fancio vai ocorrer no final\u00a0 de mar\u00e7o. E os novos pre\u00e7os dos rem\u00e9dios passar\u00e3o a valer a partir de 1 de abril. Essa defini\u00e7\u00e3o \u00e9 de responsabilidade da C\u00e2mara de Regula\u00e7\u00e3o de Mercado de Medicamentos (CMED), \u00f3rg\u00e3o [&hellip;]<\/p>\n","protected":false},"author":125,"featured_media":7346,"comment_status":"open","ping_status":"open","sticky":false,"template":"","format":"standard","meta":{"footnotes":""},"categories":[6],"tags":[951,810,950],"class_list":["post-7340","post","type-post","status-publish","format-standard","has-post-thumbnail","hentry","category-coluna-capital-s-a","tag-cmed","tag-medicamentos","tag-reajuste"],"_links":{"self":[{"href":"https:\/\/blogs.correiobraziliense.com.br\/capital-sa\/wp-json\/wp\/v2\/posts\/7340","targetHints":{"allow":["GET"]}}],"collection":[{"href":"https:\/\/blogs.correiobraziliense.com.br\/capital-sa\/wp-json\/wp\/v2\/posts"}],"about":[{"href":"https:\/\/blogs.correiobraziliense.com.br\/capital-sa\/wp-json\/wp\/v2\/types\/post"}],"author":[{"embeddable":true,"href":"https:\/\/blogs.correiobraziliense.com.br\/capital-sa\/wp-json\/wp\/v2\/users\/125"}],"replies":[{"embeddable":true,"href":"https:\/\/blogs.correiobraziliense.com.br\/capital-sa\/wp-json\/wp\/v2\/comments?post=7340"}],"version-history":[{"count":12,"href":"https:\/\/blogs.correiobraziliense.com.br\/capital-sa\/wp-json\/wp\/v2\/posts\/7340\/revisions"}],"predecessor-version":[{"id":7363,"href":"https:\/\/blogs.correiobraziliense.com.br\/capital-sa\/wp-json\/wp\/v2\/posts\/7340\/revisions\/7363"}],"wp:featuredmedia":[{"embeddable":true,"href":"https:\/\/blogs.correiobraziliense.com.br\/capital-sa\/wp-json\/wp\/v2\/media\/7346"}],"wp:attachment":[{"href":"https:\/\/blogs.correiobraziliense.com.br\/capital-sa\/wp-json\/wp\/v2\/media?parent=7340"}],"wp:term":[{"taxonomy":"category","embeddable":true,"href":"https:\/\/blogs.correiobraziliense.com.br\/capital-sa\/wp-json\/wp\/v2\/categories?post=7340"},{"taxonomy":"post_tag","embeddable":true,"href":"https:\/\/blogs.correiobraziliense.com.br\/capital-sa\/wp-json\/wp\/v2\/tags?post=7340"}],"curies":[{"name":"wp","href":"https:\/\/api.w.org\/{rel}","templated":true}]}}