{"id":7329,"date":"2022-03-16T13:47:53","date_gmt":"2022-03-16T16:47:53","guid":{"rendered":"https:\/\/blogs.correiobraziliense.com.br\/capital-sa\/?p=7329"},"modified":"2022-03-16T14:12:32","modified_gmt":"2022-03-16T17:12:32","slug":"vem-ai-a-feira-do-livro-no-complexo-cultural","status":"publish","type":"post","link":"https:\/\/blogs.correiobraziliense.com.br\/capital-sa\/2022\/03\/16\/vem-ai-a-feira-do-livro-no-complexo-cultural\/","title":{"rendered":"Vem a\u00ed a Feira do Livro no Complexo Cultural"},"content":{"rendered":"<p class=\"p1\">Por Samanta Sallum<\/p>\n<p class=\"p1\"><span class=\"s1\">A Feira do Livro de Bras\u00edlia (FeLiB), um dos maiores eventos liter\u00e1rios do pa\u00eds, est\u00e1 de volta em novo formato. A apresenta\u00e7\u00e3o oficial do projeto acontece em solenidade, em 21 de mar\u00e7o, na C\u00e2mara Legislativa. A feira comemora 40 anos e ser\u00e1 realizada de 27 de maio a 5 de junho em formato presencial e on-line. Ser\u00e1 montada uma estrutura de 2 mil metros no Complexo Cultural da Rep\u00fablica.<\/span><\/p>\n<p class=\"p1\"><b>O Quadradinho<\/b><\/p>\n<p class=\"p1\"><span class=\"s1\">O tema deste ano ser\u00e1<span class=\"Apple-converted-space\">\u00a0 &#8220;<\/span>O Quadradinho, o Quadrinho e a Leitura\u2026 Sempre em Frente&#8221; , que prop\u00f5e um olhar amoroso sobre &#8220;o ser brasiliense&#8221;, ao mesmo tempo em que despertar\u00e1 o sentimento esperan\u00e7oso em meio ao enfrentamento da pandemia. As Hist\u00f3rias em Quadrinho (HQ) ter\u00e3o espa\u00e7o especial na FeLiB, assim como a express\u00e3o art\u00edstica local.<\/span><\/p>\n<p><b>Conex\u00f5es afetivas\u00a0<\/b><\/p>\n<p class=\"p1\"><span class=\"s1\">Ivan Val\u00e9rio da Silva, presidente da C\u00e2mara do Livro do DF e um dos organizadores da FeLiB, ao lado de Luciana Vieira Rodrigues, presidente do Instituto de Produ\u00e7\u00e3o Socioeducativo e Cultural Brasileiro (IPCB), est\u00e1 empenhado no projeto. S\u00e3o<\/span>\u00a0esperadas entre 9 mil e 10 mil pessoas\/dia para esta edi\u00e7\u00e3o de 2022.<\/p>\n<p class=\"p1\"><span class=\"s1\">O evento tem a miss\u00e3o &#8220;promover a leitura com car\u00e1ter educativo, ampliar as conex\u00f5es afetivas com o DNA brasiliense e celebrar as express\u00f5es art\u00edsticas&#8221;.<\/span><\/p>\n<p><b>Sustentabilidade<\/b><\/p>\n<p class=\"p1\"><span class=\"s1\">Esta edi\u00e7\u00e3o tamb\u00e9m ser\u00e1 focada na sustentabilidade (todo o lixo gerado ser\u00e1 destinado \u00e0 reciclagem) e na inclus\u00e3o social. A FeLib disponibilizar\u00e1 t\u00edtulos em braile e ter\u00e1 deficientes e idosos como parceiros no atendimento ao p\u00fablico. Outra novidade \u00e9 que a FeLib estar\u00e1 em diversos pontos do DF, com apresenta\u00e7\u00f5es itinerantes de escritores e artistas que, por meio de intera\u00e7\u00e3o com o p\u00fablico, far\u00e3o um chamamento para a feira e para a import\u00e2ncia da leitura.<\/span><\/p>\n","protected":false},"excerpt":{"rendered":"<p>Por Samanta Sallum A Feira do Livro de Bras\u00edlia (FeLiB), um dos maiores eventos liter\u00e1rios do pa\u00eds, est\u00e1 de volta em novo formato. A apresenta\u00e7\u00e3o oficial do projeto acontece em solenidade, em 21 de mar\u00e7o, na C\u00e2mara Legislativa. A feira comemora 40 anos e ser\u00e1 realizada de 27 de maio a 5 de junho em formato presencial e on-line. Ser\u00e1 [&hellip;]<\/p>\n","protected":false},"author":125,"featured_media":7333,"comment_status":"open","ping_status":"open","sticky":false,"template":"","format":"standard","meta":{"footnotes":""},"categories":[6],"tags":[949,947,945,948,946,296,326],"class_list":["post-7329","post","type-post","status-publish","format-standard","has-post-thumbnail","hentry","category-coluna-capital-s-a","tag-complexocultural","tag-feira","tag-feiradolivrodebrasilia","tag-felib","tag-literatura","tag-livro","tag-sustentabilidade"],"_links":{"self":[{"href":"https:\/\/blogs.correiobraziliense.com.br\/capital-sa\/wp-json\/wp\/v2\/posts\/7329","targetHints":{"allow":["GET"]}}],"collection":[{"href":"https:\/\/blogs.correiobraziliense.com.br\/capital-sa\/wp-json\/wp\/v2\/posts"}],"about":[{"href":"https:\/\/blogs.correiobraziliense.com.br\/capital-sa\/wp-json\/wp\/v2\/types\/post"}],"author":[{"embeddable":true,"href":"https:\/\/blogs.correiobraziliense.com.br\/capital-sa\/wp-json\/wp\/v2\/users\/125"}],"replies":[{"embeddable":true,"href":"https:\/\/blogs.correiobraziliense.com.br\/capital-sa\/wp-json\/wp\/v2\/comments?post=7329"}],"version-history":[{"count":8,"href":"https:\/\/blogs.correiobraziliense.com.br\/capital-sa\/wp-json\/wp\/v2\/posts\/7329\/revisions"}],"predecessor-version":[{"id":7339,"href":"https:\/\/blogs.correiobraziliense.com.br\/capital-sa\/wp-json\/wp\/v2\/posts\/7329\/revisions\/7339"}],"wp:featuredmedia":[{"embeddable":true,"href":"https:\/\/blogs.correiobraziliense.com.br\/capital-sa\/wp-json\/wp\/v2\/media\/7333"}],"wp:attachment":[{"href":"https:\/\/blogs.correiobraziliense.com.br\/capital-sa\/wp-json\/wp\/v2\/media?parent=7329"}],"wp:term":[{"taxonomy":"category","embeddable":true,"href":"https:\/\/blogs.correiobraziliense.com.br\/capital-sa\/wp-json\/wp\/v2\/categories?post=7329"},{"taxonomy":"post_tag","embeddable":true,"href":"https:\/\/blogs.correiobraziliense.com.br\/capital-sa\/wp-json\/wp\/v2\/tags?post=7329"}],"curies":[{"name":"wp","href":"https:\/\/api.w.org\/{rel}","templated":true}]}}